{"id":29217,"date":"2021-07-01T10:18:02","date_gmt":"2021-07-01T15:18:02","guid":{"rendered":"http:\/\/www.zonaroja.com.mx\/?p=29217"},"modified":"2021-07-01T15:31:01","modified_gmt":"2021-07-01T20:31:01","slug":"demandan-cesar-persecucion-contra-jueza-que-impugno-designacion-de-magistrados","status":"publish","type":"post","link":"https:\/\/zonaroja.com.mx\/?p=29217","title":{"rendered":"Demandan cesar persecuci\u00f3n contra jueza que impugn\u00f3 designaci\u00f3n de magistrados"},"content":{"rendered":"\n<p>Redacci\u00f3n\/Zona Roja.<\/p>\n\n\n\n<p>Oaxaca de Ju\u00e1rez, Oax., 1 de julio de 2021.- La 64 Legislatura de Oaxaca analiza un exhorto en que se demanda al titular del Poder Ejecutivo local, Alejandro Murat Hinojosa, frenar las acciones intimidatorias y la persecuci\u00f3n pol\u00edtica en contra de la jueza \u00c9rika Mar\u00eda Rodr\u00edguez Rodr\u00edguez.<\/p>\n\n\n\n<p>Mediante una propuesta de Punto de Acuerdo, fue expuesto que el acoso y las represalias se originaron por haber impugnado la designaci\u00f3n de dos Magistrados del Tribunal Superior de Justicia por parte del Gobernador del Estado.<\/p>\n\n\n\n<p>La jueza oaxaque\u00f1a, quien particip\u00f3 en el proceso de designaci\u00f3n de magistraturas, refut\u00f3 mediante un juicio de amparo, la violaci\u00f3n al principio de paridad de g\u00e9nero y actos de discriminaci\u00f3n por ser mujer.<\/p>\n\n\n\n<figure class=\"wp-block-embed-twitter wp-block-embed is-type-rich is-provider-twitter\"><div class=\"wp-block-embed__wrapper\">\n<div class=\"twitter-tweet\"><blockquote class=\"twitter-tweet\" data-lang=\"es\"><p lang=\"es\" dir=\"ltr\"><a href=\"https:\/\/twitter.com\/hashtag\/%C3%9AltimoMinuto?src=hash&amp;ref_src=twsrc%5Etfw\">#\u00daltimoMinuto<\/a> <br>En sesi\u00f3n de la Diputaci\u00f3n Permanente, el legislador <a href=\"https:\/\/twitter.com\/cesarmoralesn?ref_src=twsrc%5Etfw\">@cesarmoralesn<\/a>, urgi\u00f3 al titular del Ejecutivo, a trav\u00e9s de su consejero jur\u00eddico, cese el acoso judicial en contra de la jueza \u00c9rika Mar\u00eda Rodr\u00edguez, quien ha acusado inequidad en designaci\u00f3n de magistrados. <a href=\"https:\/\/t.co\/IeSsQ1EOwF\">pic.twitter.com\/IeSsQ1EOwF<\/a><\/p>&mdash; Zona Roja Oaxaca (@Zona_Roja_Oax) <a href=\"https:\/\/twitter.com\/Zona_Roja_Oax\/status\/1410350155711225858?ref_src=twsrc%5Etfw\">30 de junio de 2021<\/a><\/blockquote><\/div>\n<\/div><\/figure>\n\n\n\n<p>Actualmente, este \u00f3rgano de justicia est\u00e1 conformado por 18 hombres y apenas cinco mujeres, por lo que no existe paridad de g\u00e9nero en el n\u00famero de integrantes.<\/p>\n\n\n\n<p>\u201c\u00a1Basta ya de violencia contra las mujeres! \u00a1Se\u00f1or gobernador, basta de misoginia!\u201d, dijo Morales Ni\u00f1o, al recordad que de acuerdo con diversos medios informativos, el mandatario orden\u00f3 a Jos\u00e9 Octavio Tinajero Zenil, su consejero jur\u00eddico, iniciar investigaciones o procedimientos judiciales contra la Jueza y a sus abogados.<\/p>\n\n\n\n<p>MISOGINIA EN NOMBRAMIENTOS<\/p>\n\n\n\n<p>\u201cLa actitud del gobernador y su consejero jur\u00eddico, contra la Jueza \u00c9rika Mar\u00eda Rodr\u00edguez Rodr\u00edguez y sus abogados, por haber impugnado la designaci\u00f3n de magistrados del Tribunal Superior de Justicia, son actos de intimidaci\u00f3n que no deben ocurrir en un Estado democr\u00e1tico de derecho\u201d.<\/p>\n\n\n\n<p>El Gobernador del Estado, debe actuar como dem\u00f3crata y debe dejar de perseguir procesalmente a la jueza y a sus abogados. Es un mal mensaje para nuestra democracia que, institucionalmente, desde la gubernatura se persiga a quienes lo \u00fanico que est\u00e1n solicitando a la justicia federal es que se revise el procedimiento de designaci\u00f3n de magistrados\u201d, expuso.<\/p>\n\n\n\n<p>Tambi\u00e9n habl\u00f3 de la misoginia en el nombramiento de funcionarios en el gabinete legal y ampliado de Murat Hinojosa y puso de ejemplo al menos seis designaciones recientes, todas ellas de varones y ninguna mujer.<\/p>\n\n\n\n<p>\u201cDichos nombramientos son violatorios del principio de la paridad en todo, ya que es evidente que no fue designada ninguna mujer, motivo por el cual esos nombramientos son una forma institucional y simb\u00f3lica de ejercer violencia de g\u00e9nero en contra de las mujeres, porque se les sigue excluyendo de las \u00e1reas de toma de decisiones.<\/p>\n\n\n\n<p>El exhorto fue presentado por el diputado Cesar Morales Ni\u00f1o, y turnado por la Diputaci\u00f3n Permanente para su estudio a la Comisi\u00f3n Legislativa respectiva.<\/p>\n\n\n\n<p>Asimismo, las congresistas Eliza Zepeda Lagunas y Magaly L\u00f3pez Dom\u00ednguez, integrantes del Grupo Parlamentario de Morena, promovieron otro punto de acuerdo en el mismo sentido.<\/p>\n\n\n\n<p>En la propuesta lamentan que ese hecho tiene una connotaci\u00f3n estrat\u00e9gica de generar miedo y desaliento de continuar con la defensa de sus derechos, y representa un mensaje de persecuci\u00f3n y castigo contra las mujeres que deciden alzar su voz.<\/p>\n","protected":false},"excerpt":{"rendered":"<p>Redacci\u00f3n\/Zona Roja. Oaxaca de Ju\u00e1rez, Oax., 1 de julio de 2021.- La 64 Legislatura de&hellip;<\/p>\n","protected":false},"author":2,"featured_media":29218,"comment_status":"closed","ping_status":"open","sticky":false,"template":"","format":"standard","meta":{"_lmt_disableupdate":"","_lmt_disable":"","_jetpack_memberships_contains_paid_content":false,"footnotes":""},"categories":[109,46],"tags":[612],"class_list":["post-29217","post","type-post","status-publish","format-standard","has-post-thumbnail","hentry","category-minuto-a-minuto","category-zona-blanca","tag-cesar-morales-nino"],"jetpack_featured_media_url":"https:\/\/zonaroja.com.mx\/wp-content\/uploads\/2021\/07\/Cesar-Morales.jpg","jetpack_sharing_enabled":true,"_links":{"self":[{"href":"https:\/\/zonaroja.com.mx\/index.php?rest_route=\/wp\/v2\/posts\/29217","targetHints":{"allow":["GET"]}}],"collection":[{"href":"https:\/\/zonaroja.com.mx\/index.php?rest_route=\/wp\/v2\/posts"}],"about":[{"href":"https:\/\/zonaroja.com.mx\/index.php?rest_route=\/wp\/v2\/types\/post"}],"author":[{"embeddable":true,"href":"https:\/\/zonaroja.com.mx\/index.php?rest_route=\/wp\/v2\/users\/2"}],"replies":[{"embeddable":true,"href":"https:\/\/zonaroja.com.mx\/index.php?rest_route=%2Fwp%2Fv2%2Fcomments&post=29217"}],"version-history":[{"count":2,"href":"https:\/\/zonaroja.com.mx\/index.php?rest_route=\/wp\/v2\/posts\/29217\/revisions"}],"predecessor-version":[{"id":29221,"href":"https:\/\/zonaroja.com.mx\/index.php?rest_route=\/wp\/v2\/posts\/29217\/revisions\/29221"}],"wp:featuredmedia":[{"embeddable":true,"href":"https:\/\/zonaroja.com.mx\/index.php?rest_route=\/wp\/v2\/media\/29218"}],"wp:attachment":[{"href":"https:\/\/zonaroja.com.mx\/index.php?rest_route=%2Fwp%2Fv2%2Fmedia&parent=29217"}],"wp:term":[{"taxonomy":"category","embeddable":true,"href":"https:\/\/zonaroja.com.mx\/index.php?rest_route=%2Fwp%2Fv2%2Fcategories&post=29217"},{"taxonomy":"post_tag","embeddable":true,"href":"https:\/\/zonaroja.com.mx\/index.php?rest_route=%2Fwp%2Fv2%2Ftags&post=29217"}],"curies":[{"name":"wp","href":"https:\/\/api.w.org\/{rel}","templated":true}]}}