{"id":29222,"date":"2021-07-01T16:05:15","date_gmt":"2021-07-01T21:05:15","guid":{"rendered":"http:\/\/www.zonaroja.com.mx\/?p=29222"},"modified":"2021-07-01T16:05:17","modified_gmt":"2021-07-01T21:05:17","slug":"madre-denuncia-retencion-ilegal-de-nina-de-diez-anos","status":"publish","type":"post","link":"https:\/\/zonaroja.com.mx\/?p=29222","title":{"rendered":"Madre denuncia retenci\u00f3n ilegal de ni\u00f1a de diez a\u00f1os"},"content":{"rendered":"\n<p>Evlin Arag\u00f3n\/Zona Roja.<\/p>\n\n\n\n<p>Oaxaca de Ju\u00e1rez, Oax., 1 de julio de 2021.- Nancy Cecilia Bejarano Le\u00f3n denunci\u00f3 la retenci\u00f3n ilegal de su hija Renata, de 10 a\u00f1os de edad, por parte del padre de la menor de nombre Carlos Fidel Bur\u00f3n Cruz, quien no cuenta con la custodia y de manera arbitraria decidi\u00f3 arrebat\u00e1rsela a su madre.&nbsp;<\/p>\n\n\n\n<p>\u201cSoy una mujer separada que lucha d\u00eda a d\u00eda para sacar adelante a mis hijas. Hace 12 d\u00edas desapareci\u00f3 mi hija, su pap\u00e1 la secuestr\u00f3, aprovech\u00f3 una convivencia familiar con \u00e9l y ya no me la regres\u00f3\u201d, relat\u00f3 la joven madre.&nbsp;<\/p>\n\n\n\n<p>En conferencia de prensa, explic\u00f3 que, hace dos a\u00f1os, le fue otorgada la guarda y custodia de sus dos hijas, ello tras la separaci\u00f3n de su esposo; sin embargo, de acuerdo con la ley, qued\u00f3 establecida la convivencia del padre con sus hijas, los fines de semana.<\/p>\n\n\n\n<p>Lo anterior se hab\u00eda llevado a cabo sin ning\u00fan contratiempo hasta el pasado 18 de junio en que su hija Renata se fue con su pap\u00e1, a fin de pasar el fin de semana como de costumbre y ya no regres\u00f3.&nbsp;<\/p>\n\n\n\n<p>\u201cEl d\u00eda viernes 18 de junio mi hija Renata se fue con su pap\u00e1 como de costumbre, posteriormente el d\u00eda domingo simplemente recib\u00ed una llamada a las 20:35 PM inform\u00e1ndome que ya no me regresar\u00eda a mi hija y el se\u00f1or me bloque\u00f3 de todos los medios\u201d, refiri\u00f3.<\/p>\n\n\n\n<p>En este mismo sentido, indic\u00f3 que desde el lunes 21 de junio ha actuado conforme a la ley, no obstante, el proceso ha sido lento y las autoridades de la Fiscal\u00eda General del Estado han sido omisas, raz\u00f3n que ha permitido que Carlos Fidel se d\u00e9 a la fuga con su hija, de ah\u00ed que actualmente ambos se encuentran en calidad de desaparecidos.&nbsp; &nbsp;<\/p>\n\n\n\n<p>\u201cNo s\u00e9 porque lo hizo, hemos estado luchando d\u00eda a d\u00eda. Ahora se encuentran en calidad de desaparecidos los dos debido a que, pese al llamado de las autoridades de seguridad, no ha presentado a mi hija\u201d, indic\u00f3.&nbsp;<\/p>\n\n\n\n<p>Nancy Cecilia indic\u00f3 que teme por la seguridad de su hija Renata, ya que por dichos de los vecinos de su ex esposo, la casa en donde habita fue balaceada y apedreada en d\u00edas recientes, lo cual la llena de angustia pues no sabe la condiciones en las que se encuentra la menor.<\/p>\n\n\n\n<p>\u201cYo les pido a la licenciada Ivette Mor\u00e1n, a las mujeres de todo Oaxaca, que por favor me ayuden a localizar a mi hija. Ay\u00fadenme a hacer presi\u00f3n para dar con el paradero de mi beb\u00e9. Yo se los pido por favor que me escuchan, es un dolor inmenso lo que yo siento, necesito saber d\u00f3nde est\u00e1 localizada mi beb\u00e9, dijo al borde del llanto.&nbsp;<\/p>\n\n\n\n<p>Finalmente, denunci\u00f3 que Carlos Fidel Bur\u00f3n Cruz ya cuenta con una orden de aprehensi\u00f3n, pero las autoridades no lo han podido localizar. Por el contrario, ha recibido amenazas por parte de la familia de su ex esposo quienes le han advertido que deje de ventilar p\u00fablicamente el caso, ya que no entregaran a la ni\u00f1a.<\/p>\n\n\n\n<p>\u201c\u00bfD\u00f3nde est\u00e1 mi beb\u00e9? Ya son 12 d\u00edas que no s\u00e9 nada de ella, 12 d\u00edas que hemos pasado en los juzgados, en la Fiscal\u00eda y nadie nos da respuesta. Hasta el d\u00eda de hoy a\u00fan no se mueven las autoridades\u201d, reclam\u00f3.<\/p>\n","protected":false},"excerpt":{"rendered":"<p>Evlin Arag\u00f3n\/Zona Roja. Oaxaca de Ju\u00e1rez, Oax., 1 de julio de 2021.- Nancy Cecilia Bejarano&hellip;<\/p>\n","protected":false},"author":2,"featured_media":29223,"comment_status":"closed","ping_status":"open","sticky":false,"template":"","format":"standard","meta":{"_lmt_disableupdate":"","_lmt_disable":"","_jetpack_memberships_contains_paid_content":false,"footnotes":""},"categories":[109,47],"tags":[2772],"class_list":["post-29222","post","type-post","status-publish","format-standard","has-post-thumbnail","hentry","category-minuto-a-minuto","category-zona-gris","tag-nancy-cecilia-bejarano-leon"],"jetpack_featured_media_url":"https:\/\/zonaroja.com.mx\/wp-content\/uploads\/2021\/07\/Conferencia-madre-de-familia.jpg","jetpack_sharing_enabled":true,"_links":{"self":[{"href":"https:\/\/zonaroja.com.mx\/index.php?rest_route=\/wp\/v2\/posts\/29222","targetHints":{"allow":["GET"]}}],"collection":[{"href":"https:\/\/zonaroja.com.mx\/index.php?rest_route=\/wp\/v2\/posts"}],"about":[{"href":"https:\/\/zonaroja.com.mx\/index.php?rest_route=\/wp\/v2\/types\/post"}],"author":[{"embeddable":true,"href":"https:\/\/zonaroja.com.mx\/index.php?rest_route=\/wp\/v2\/users\/2"}],"replies":[{"embeddable":true,"href":"https:\/\/zonaroja.com.mx\/index.php?rest_route=%2Fwp%2Fv2%2Fcomments&post=29222"}],"version-history":[{"count":1,"href":"https:\/\/zonaroja.com.mx\/index.php?rest_route=\/wp\/v2\/posts\/29222\/revisions"}],"predecessor-version":[{"id":29224,"href":"https:\/\/zonaroja.com.mx\/index.php?rest_route=\/wp\/v2\/posts\/29222\/revisions\/29224"}],"wp:featuredmedia":[{"embeddable":true,"href":"https:\/\/zonaroja.com.mx\/index.php?rest_route=\/wp\/v2\/media\/29223"}],"wp:attachment":[{"href":"https:\/\/zonaroja.com.mx\/index.php?rest_route=%2Fwp%2Fv2%2Fmedia&parent=29222"}],"wp:term":[{"taxonomy":"category","embeddable":true,"href":"https:\/\/zonaroja.com.mx\/index.php?rest_route=%2Fwp%2Fv2%2Fcategories&post=29222"},{"taxonomy":"post_tag","embeddable":true,"href":"https:\/\/zonaroja.com.mx\/index.php?rest_route=%2Fwp%2Fv2%2Ftags&post=29222"}],"curies":[{"name":"wp","href":"https:\/\/api.w.org\/{rel}","templated":true}]}}