{"id":29243,"date":"2021-07-02T07:33:20","date_gmt":"2021-07-02T12:33:20","guid":{"rendered":"http:\/\/www.zonaroja.com.mx\/?p=29243"},"modified":"2021-07-02T07:35:21","modified_gmt":"2021-07-02T12:35:21","slug":"jueves-fatal-4-8-casos-positivos-de-covid-cada-hora-en-oaxaca","status":"publish","type":"post","link":"https:\/\/zonaroja.com.mx\/?p=29243","title":{"rendered":"Jueves fatal: 4.8 casos positivos de Covid cada hora en Oaxaca"},"content":{"rendered":"\n<p>Redacci\u00f3n\/Zona Roja.<\/p>\n\n\n\n<p>Oaxaca de Ju\u00e1rez, Oax. 2 de julio de 2021.- La dependencia gubernamental Servicios de Salud de Oaxaca inform\u00f3 que al 1 de julio, hay un total de 48 mil 737 casos acumulados, 117 m\u00e1s que el d\u00eda anterior; de esta cifra tres mil 967 personas perdieron la vida, cuatro m\u00e1s en las \u00faltimas 24 horas.<\/p>\n\n\n\n<p>A la fecha, se tiene un registro de 30 mil 206 pacientes con resultado negativo al virus, cinco mil personas se encuentran como sospechosas, y 44 mil 227 se han recuperado del padecimiento respiratorio.<\/p>\n\n\n\n<p>Este jueves se identificaron 34 municipios con casos nuevos, principalmente localidades de Valles Centrales e Istmo; en primer lugar, se ubica Oaxaca de Ju\u00e1rez con 23 notificaciones, seguido de Asunci\u00f3n Ixtaltepec con 16, Ciudad Ixtepec con ocho, Santo Domingo Tehuantepec con siete, Santa Cruz Xoxocotl\u00e1n y Santo Domingo Ingenio con seis cada uno, as\u00ed como la Heroica Ciudad de Juchit\u00e1n de Zaragoza y Salina Cruz con cinco respectivamente, el resto cuatro, tres, dos y un paciente.<\/p>\n\n\n\n<p>De la estad\u00edstica de personas contagiadas en los \u00faltimos 14 d\u00edas, el Istmo concentra el mayor n\u00famero con 261 casos activos, 193 en Valles Centrales, 45 en la Costa, 23 en Tuxtepec, 13 en la Mixteca y ocho en la Sierra.<\/p>\n\n\n\n<figure class=\"wp-block-embed-twitter wp-block-embed is-type-rich is-provider-twitter\"><div class=\"wp-block-embed__wrapper\">\n<div class=\"twitter-tweet\"><blockquote class=\"twitter-tweet\" data-lang=\"es\"><p lang=\"es\" dir=\"ltr\"><a href=\"https:\/\/twitter.com\/hashtag\/%C3%9AltimoMinuto?src=hash&amp;ref_src=twsrc%5Etfw\">#\u00daltimoMinuto<\/a><br>En <a href=\"https:\/\/twitter.com\/hashtag\/Oaxaca?src=hash&amp;ref_src=twsrc%5Etfw\">#Oaxaca<\/a> tambi\u00e9n el Covid-19 no baja: este jueves, 117 casos positivos, para un total de 48 mil 737 casos confirmados.<br>Adem\u00e1s, 4 fallecimientos, con lo que suman 3 mil 967 decesos; hay cinco hospitales llenos de pacientes.<a href=\"https:\/\/twitter.com\/hashtag\/Qu%C3%A9dateEnCasa?src=hash&amp;ref_src=twsrc%5Etfw\">#Qu\u00e9dateEnCasa<\/a> <a href=\"https:\/\/t.co\/t4dgPaDkIy\">pic.twitter.com\/t4dgPaDkIy<\/a><\/p>&mdash; Zona Roja Oaxaca (@Zona_Roja_Oax) <a href=\"https:\/\/twitter.com\/Zona_Roja_Oax\/status\/1410771661335318533?ref_src=twsrc%5Etfw\">2 de julio de 2021<\/a><\/blockquote><\/div>\n<\/div><\/figure>\n\n\n\n<p>As\u00ed tambi\u00e9n, de acuerdo al estado de salud de los pacientes que han dado positivo al coronavirus, ocho mil 045 han requerido hospitalizaci\u00f3n, cifra que representa el 16.5% del total y 40 mil 692 han cursado la enfermedad en sus domicilios, al presentar s\u00edntomas sin gravedad, es decir el 83.5% de global de casos.<\/p>\n\n\n\n<p>En las \u00faltimas 24 horas se hospitalizaron a siete nuevos pacientes positivos a COVID-19, mientras que cinco nosocomios reportan el 100% de su capacidad para la atenci\u00f3n de la emergencia sanitaria, al notificar un total de 90 personas internadas por presentar complicaciones por el SARS-CoV-2.<\/p>\n\n\n\n<p>La Jurisdicci\u00f3n Sanitaria de Valles Centrales contabiliza 32 mil 641 casos y mil 918 defunciones, el Istmo con 4 mil 658 acumulados y 749 muertes, Tuxtepec con 3 mil 007 confirmados y 355 decesos, la Costa con 2 mil 593 positivos y 313 fallecimientos, la Mixteca con 4 mil 087 pacientes y 408 decesos, la Sierra con mil 751 notificaciones y 224 muertes.<\/p>\n\n\n\n<p>Ante lo cual, la dependencia de Salud, advirti\u00f3 que el cubrebocas no sustituyen las medidas sanitarias como son el lavado de manos, sana distancia y limpieza de espacios y superficies comunes; la suma de estas acciones incrementa la barrera de protecci\u00f3n contra el Covid-19.<\/p>\n\n\n\n<p>Finalmente, exhort\u00f3 a las y los oaxaque\u00f1os a evitar acudir a lugares concurridos y poco ventilados, el riesgo de contagio a\u00fan es elevado.<\/p>\n","protected":false},"excerpt":{"rendered":"<p>Redacci\u00f3n\/Zona Roja. Oaxaca de Ju\u00e1rez, Oax. 2 de julio de 2021.- La dependencia gubernamental Servicios&hellip;<\/p>\n","protected":false},"author":2,"featured_media":29244,"comment_status":"closed","ping_status":"open","sticky":false,"template":"","format":"standard","meta":{"_lmt_disableupdate":"","_lmt_disable":"","_jetpack_memberships_contains_paid_content":false,"footnotes":""},"categories":[109,47],"tags":[1512],"class_list":["post-29243","post","type-post","status-publish","format-standard","has-post-thumbnail","hentry","category-minuto-a-minuto","category-zona-gris","tag-coronavirus-oaxaca"],"jetpack_featured_media_url":"https:\/\/zonaroja.com.mx\/wp-content\/uploads\/2021\/07\/GRAFICA-SSO-01.jpg","jetpack_sharing_enabled":true,"_links":{"self":[{"href":"https:\/\/zonaroja.com.mx\/index.php?rest_route=\/wp\/v2\/posts\/29243","targetHints":{"allow":["GET"]}}],"collection":[{"href":"https:\/\/zonaroja.com.mx\/index.php?rest_route=\/wp\/v2\/posts"}],"about":[{"href":"https:\/\/zonaroja.com.mx\/index.php?rest_route=\/wp\/v2\/types\/post"}],"author":[{"embeddable":true,"href":"https:\/\/zonaroja.com.mx\/index.php?rest_route=\/wp\/v2\/users\/2"}],"replies":[{"embeddable":true,"href":"https:\/\/zonaroja.com.mx\/index.php?rest_route=%2Fwp%2Fv2%2Fcomments&post=29243"}],"version-history":[{"count":2,"href":"https:\/\/zonaroja.com.mx\/index.php?rest_route=\/wp\/v2\/posts\/29243\/revisions"}],"predecessor-version":[{"id":29246,"href":"https:\/\/zonaroja.com.mx\/index.php?rest_route=\/wp\/v2\/posts\/29243\/revisions\/29246"}],"wp:featuredmedia":[{"embeddable":true,"href":"https:\/\/zonaroja.com.mx\/index.php?rest_route=\/wp\/v2\/media\/29244"}],"wp:attachment":[{"href":"https:\/\/zonaroja.com.mx\/index.php?rest_route=%2Fwp%2Fv2%2Fmedia&parent=29243"}],"wp:term":[{"taxonomy":"category","embeddable":true,"href":"https:\/\/zonaroja.com.mx\/index.php?rest_route=%2Fwp%2Fv2%2Fcategories&post=29243"},{"taxonomy":"post_tag","embeddable":true,"href":"https:\/\/zonaroja.com.mx\/index.php?rest_route=%2Fwp%2Fv2%2Ftags&post=29243"}],"curies":[{"name":"wp","href":"https:\/\/api.w.org\/{rel}","templated":true}]}}