{"id":29249,"date":"2021-07-02T07:56:52","date_gmt":"2021-07-02T12:56:52","guid":{"rendered":"http:\/\/www.zonaroja.com.mx\/?p=29249"},"modified":"2021-07-02T07:56:54","modified_gmt":"2021-07-02T12:56:54","slug":"llevan-a-la-canada-jornada-estatal-para-el-dialogo-y-consenso-en-temas-educativos","status":"publish","type":"post","link":"https:\/\/zonaroja.com.mx\/?p=29249","title":{"rendered":"Llevan a la Ca\u00f1ada Jornada Estatal para el Di\u00e1logo y Consenso en Temas Educativos"},"content":{"rendered":"\n<p>Redacci\u00f3n\/Zona Roja.<\/p>\n\n\n\n<p>Oaxaca de Ju\u00e1rez, Oax., 2 de julio de 2021.- En la b\u00fasqueda de acuerdos con quienes forman parte del proceso educativo, que contribuyan en la correcta toma de decisiones ante un probable regreso presencial a clases en el nivel b\u00e1sico, el director general del Instituto Estatal de Educaci\u00f3n P\u00fablica de Oaxaca (IEEPO), Francisco \u00c1ngel Villarreal, inici\u00f3 en la regi\u00f3n Ca\u00f1ada, la Jornada Estatal para el Di\u00e1logo y Consenso en Temas Educativos.<\/p>\n\n\n\n<p>El municipio de San Juan Bautista Cuicatl\u00e1n, fue el punto de partida para una serie de reuniones y encuentros con presidentes municipales en funciones y electos, supervisores y directores de secundarias generales y comit\u00e9s de padres de familia de preescolar, primaria y secundaria, que la autoridad educativa estatal sostuvo, como parte de un recorrido por esta zona.<\/p>\n\n\n\n<p>En el marco de la colaboraci\u00f3n y consenso con todos los sectores de la sociedad que ha impulsado el gobernador Alejandro Murat Hinojosa, con apego a los protocolos sanitarios establecidos, le acompa\u00f1aron la presidenta municipal de San Juan Bautista Cuicatl\u00e1n, Maricel Mariscal Gayt\u00e1n y la titular de la Secretar\u00eda de las Mujeres de Oaxaca (SMO), Ana V\u00e1squez Colmenares Guzm\u00e1n.<\/p>\n\n\n\n<figure class=\"wp-block-embed-twitter wp-block-embed is-type-rich is-provider-twitter\"><div class=\"wp-block-embed__wrapper\">\n<div class=\"twitter-tweet\"><blockquote class=\"twitter-tweet\" data-lang=\"es\"><p lang=\"es\" dir=\"ltr\">En la b\u00fasqueda de acuerdos con quienes forman parte del proceso educativo, el DG del IEEPO, Paco Villarreal <a href=\"https:\/\/twitter.com\/VillarrealPaco?ref_src=twsrc%5Etfw\">@VillarrealPaco<\/a> se reuni\u00f3 en Cuicatl\u00e1n con autoridades mpales. en funciones y electas acompa\u00f1ado de la Pdta. Mpal. <a href=\"https:\/\/twitter.com\/maricelmariscal?ref_src=twsrc%5Etfw\">@maricelmariscal<\/a> y la Sria. de <a href=\"https:\/\/twitter.com\/SMO_GobOax?ref_src=twsrc%5Etfw\">@SMO_GobOax<\/a>, <a href=\"https:\/\/twitter.com\/anavasquezc?ref_src=twsrc%5Etfw\">@anavasquezc<\/a> <a href=\"https:\/\/t.co\/jra087Qf6m\">pic.twitter.com\/jra087Qf6m<\/a><\/p>&mdash; IEEPO (@IEEPOGobOax) <a href=\"https:\/\/twitter.com\/IEEPOGobOax\/status\/1410632383536185347?ref_src=twsrc%5Etfw\">1 de julio de 2021<\/a><\/blockquote><\/div>\n<\/div><\/figure>\n\n\n\n<p>El director General del IEEPO destac\u00f3 que si bien es prioridad que la educaci\u00f3n contin\u00fae, siendo el garante de un mejor futuro para las siguientes generaciones de Oaxaca, en estos momentos proteger la salud de ni\u00f1as, ni\u00f1os, adolescentes y j\u00f3venes, as\u00ed como de las madres y padres de familia, de las maestras y maestros, del personal de apoyo y asistencia a la educaci\u00f3n y las familias en general, es vital.<\/p>\n\n\n\n<p>Ante ello, reiter\u00f3 su compromiso para que el regreso presencial a clases sea de la forma m\u00e1s segura posible, de manera voluntaria, gradual y bajo las nueve intervenciones sanitarias establecidas por la SEP, mismas que se han informado en cada encuentro que permiten mantener una comunicaci\u00f3n asertiva, respetuosa y consensuada para definir acuerdos.<\/p>\n\n\n\n<p>La jornada Estatal para el Di\u00e1logo y Consenso en Temas Educativos, a cargo del IEEPO, inici\u00f3 el pasado lunes en la regi\u00f3n Mixteca, con encuentros en Huajuapan de Le\u00f3n, Villa de Tamazulapan del Progreso y Tlaxiaco, para concluir la semana en municipios de la Ca\u00f1ada.<\/p>\n","protected":false},"excerpt":{"rendered":"<p>Redacci\u00f3n\/Zona Roja. Oaxaca de Ju\u00e1rez, Oax., 2 de julio de 2021.- En la b\u00fasqueda de&hellip;<\/p>\n","protected":false},"author":2,"featured_media":29250,"comment_status":"closed","ping_status":"open","sticky":false,"template":"","format":"standard","meta":{"_lmt_disableupdate":"","_lmt_disable":"","_jetpack_memberships_contains_paid_content":false,"footnotes":""},"categories":[109,46],"tags":[599],"class_list":["post-29249","post","type-post","status-publish","format-standard","has-post-thumbnail","hentry","category-minuto-a-minuto","category-zona-blanca","tag-instituto-estatal-de-educacion-publica-de-oaxaca"],"jetpack_featured_media_url":"https:\/\/zonaroja.com.mx\/wp-content\/uploads\/2021\/07\/01-IEEPO-2.jpg","jetpack_sharing_enabled":true,"_links":{"self":[{"href":"https:\/\/zonaroja.com.mx\/index.php?rest_route=\/wp\/v2\/posts\/29249","targetHints":{"allow":["GET"]}}],"collection":[{"href":"https:\/\/zonaroja.com.mx\/index.php?rest_route=\/wp\/v2\/posts"}],"about":[{"href":"https:\/\/zonaroja.com.mx\/index.php?rest_route=\/wp\/v2\/types\/post"}],"author":[{"embeddable":true,"href":"https:\/\/zonaroja.com.mx\/index.php?rest_route=\/wp\/v2\/users\/2"}],"replies":[{"embeddable":true,"href":"https:\/\/zonaroja.com.mx\/index.php?rest_route=%2Fwp%2Fv2%2Fcomments&post=29249"}],"version-history":[{"count":1,"href":"https:\/\/zonaroja.com.mx\/index.php?rest_route=\/wp\/v2\/posts\/29249\/revisions"}],"predecessor-version":[{"id":29251,"href":"https:\/\/zonaroja.com.mx\/index.php?rest_route=\/wp\/v2\/posts\/29249\/revisions\/29251"}],"wp:featuredmedia":[{"embeddable":true,"href":"https:\/\/zonaroja.com.mx\/index.php?rest_route=\/wp\/v2\/media\/29250"}],"wp:attachment":[{"href":"https:\/\/zonaroja.com.mx\/index.php?rest_route=%2Fwp%2Fv2%2Fmedia&parent=29249"}],"wp:term":[{"taxonomy":"category","embeddable":true,"href":"https:\/\/zonaroja.com.mx\/index.php?rest_route=%2Fwp%2Fv2%2Fcategories&post=29249"},{"taxonomy":"post_tag","embeddable":true,"href":"https:\/\/zonaroja.com.mx\/index.php?rest_route=%2Fwp%2Fv2%2Ftags&post=29249"}],"curies":[{"name":"wp","href":"https:\/\/api.w.org\/{rel}","templated":true}]}}