{"id":29255,"date":"2021-07-02T08:19:04","date_gmt":"2021-07-02T13:19:04","guid":{"rendered":"http:\/\/www.zonaroja.com.mx\/?p=29255"},"modified":"2021-07-02T08:19:05","modified_gmt":"2021-07-02T13:19:05","slug":"participa-poder-judicial-en-programa-nacional-de-capacitacion-en-oralidad-mercantil","status":"publish","type":"post","link":"https:\/\/zonaroja.com.mx\/?p=29255","title":{"rendered":"Participa Poder Judicial en Programa Nacional de Capacitaci\u00f3n en Oralidad Mercantil"},"content":{"rendered":"\n<p>Redacci\u00f3n\/Zona Roja.<\/p>\n\n\n\n<p>Oaxaca de Ju\u00e1rez, Oax., 2 de julio de 2021.- Juezas, jueces y personal jurisdiccional del Poder Judicial del Estado de Oaxaca de las diferentes regiones, participan en el Segundo Programa Nacional de Capacitaci\u00f3n \u201cJueces en materia Oral Mercantil\u201d, en el que, de manera virtual, se profesionalizan tambi\u00e9n servidores p\u00fablicos de los estados de Guerrero, Veracruz y Chiapas.<\/p>\n\n\n\n<p>Con el respaldo de la Comisi\u00f3n Nacional de Tribunales Superiores de Justicia (Conatrib), la Comisi\u00f3n Nacional de Mejora Regulatoria (Conamer), as\u00ed como de los Poderes Judiciales de la regi\u00f3n noroeste del pa\u00eds, las y los juzgadores oaxaque\u00f1os fortalecen sus conocimientos sobre la operaci\u00f3n del modelo oral en la materia, como una forma de justicia m\u00e1s \u00e1gil, accesible y transparente en la atenci\u00f3n de los casos que llegan a los juzgados de la entidad.<\/p>\n\n\n\n<p>Dicho programa encaminado a promover la correcta implementaci\u00f3n de los juicios orales mercantiles en los tribunales de las entidades del pa\u00eds, consta de diez m\u00f3dulos y es impartido por reconocidos especialistas; entre ellos, funcionarios del Poder Judicial de Sonora y otros tribunales de estados como Baja California Sur, Chihuahua y Sinaloa.<\/p>\n\n\n\n<p>Entre los temas que se abordan se encuentran: Las caracter\u00edsticas y principios del juicio oral mercantil, Teor\u00eda del caso y etapa postulatoria, Sistema de audiencias y pruebas en particular, Audiencia preliminar, Audiencia de juicio, Teor\u00eda del caso y medios alternativos de soluci\u00f3n de controversias y \u00c9tica judicial, para fortalecer las capacidades t\u00e9cnicas y operativas del personal de las instituciones de impartici\u00f3n y administraci\u00f3n de justicia.<\/p>\n\n\n\n<p>Derivada de reformas recientes al C\u00f3digo de Comercio, la oralidad mercantil busca favorecer la certeza jur\u00eddica a las empresas, la rendici\u00f3n de cuentas y reducci\u00f3n de costos administrativos de los juicios que se tramitan mediante el sistema escrito, siendo la capacitaci\u00f3n de las y los operadores uno de los cuatro ejes estrat\u00e9gicos para la medici\u00f3n del grado de implementaci\u00f3n en los diferentes tribunales de M\u00e9xico.<\/p>\n\n\n\n<p>En el Segundo Programa Nacional de Capacitaci\u00f3n \u201cJueces en materia Oral Mercantil\u201d, que se lleva a cabo del 21 de junio al 15 de julio, participan a nivel nacional, en seis sedes regionales, un total de 49 ponentes y mil 168 participantes, de los cuales 347 corresponden a la regi\u00f3n sur sureste.<\/p>\n","protected":false},"excerpt":{"rendered":"<p>Redacci\u00f3n\/Zona Roja. Oaxaca de Ju\u00e1rez, Oax., 2 de julio de 2021.- Juezas, jueces y personal&hellip;<\/p>\n","protected":false},"author":2,"featured_media":29256,"comment_status":"closed","ping_status":"open","sticky":false,"template":"","format":"standard","meta":{"_lmt_disableupdate":"","_lmt_disable":"","_jetpack_memberships_contains_paid_content":false,"footnotes":""},"categories":[109,46],"tags":[223],"class_list":["post-29255","post","type-post","status-publish","format-standard","has-post-thumbnail","hentry","category-minuto-a-minuto","category-zona-blanca","tag-poder-judicial-de-oaxaca"],"jetpack_featured_media_url":"https:\/\/zonaroja.com.mx\/wp-content\/uploads\/2021\/07\/Capacitacion-de-jueces-a-nivel-nacional.jpg","jetpack_sharing_enabled":true,"_links":{"self":[{"href":"https:\/\/zonaroja.com.mx\/index.php?rest_route=\/wp\/v2\/posts\/29255","targetHints":{"allow":["GET"]}}],"collection":[{"href":"https:\/\/zonaroja.com.mx\/index.php?rest_route=\/wp\/v2\/posts"}],"about":[{"href":"https:\/\/zonaroja.com.mx\/index.php?rest_route=\/wp\/v2\/types\/post"}],"author":[{"embeddable":true,"href":"https:\/\/zonaroja.com.mx\/index.php?rest_route=\/wp\/v2\/users\/2"}],"replies":[{"embeddable":true,"href":"https:\/\/zonaroja.com.mx\/index.php?rest_route=%2Fwp%2Fv2%2Fcomments&post=29255"}],"version-history":[{"count":1,"href":"https:\/\/zonaroja.com.mx\/index.php?rest_route=\/wp\/v2\/posts\/29255\/revisions"}],"predecessor-version":[{"id":29257,"href":"https:\/\/zonaroja.com.mx\/index.php?rest_route=\/wp\/v2\/posts\/29255\/revisions\/29257"}],"wp:featuredmedia":[{"embeddable":true,"href":"https:\/\/zonaroja.com.mx\/index.php?rest_route=\/wp\/v2\/media\/29256"}],"wp:attachment":[{"href":"https:\/\/zonaroja.com.mx\/index.php?rest_route=%2Fwp%2Fv2%2Fmedia&parent=29255"}],"wp:term":[{"taxonomy":"category","embeddable":true,"href":"https:\/\/zonaroja.com.mx\/index.php?rest_route=%2Fwp%2Fv2%2Fcategories&post=29255"},{"taxonomy":"post_tag","embeddable":true,"href":"https:\/\/zonaroja.com.mx\/index.php?rest_route=%2Fwp%2Fv2%2Ftags&post=29255"}],"curies":[{"name":"wp","href":"https:\/\/api.w.org\/{rel}","templated":true}]}}