{"id":29261,"date":"2021-07-02T14:41:10","date_gmt":"2021-07-02T19:41:10","guid":{"rendered":"http:\/\/www.zonaroja.com.mx\/?p=29261"},"modified":"2021-07-02T14:41:12","modified_gmt":"2021-07-02T19:41:12","slug":"edil-de-tlacolula-surgido-de-morena-culpa-a-la-4t-de-la-inseguridad","status":"publish","type":"post","link":"https:\/\/zonaroja.com.mx\/?p=29261","title":{"rendered":"Edil de Tlacolula, surgido de Morena, culpa a la 4T de la inseguridad"},"content":{"rendered":"\n<p>Evlin Arag\u00f3n\/Zona Roja.<\/p>\n\n\n\n<p>Oaxaca de Ju\u00e1rez, Oax., 2 de julio de 2021.- Frente a crecientes reclamos de la poblaci\u00f3n ante un municipio cada vez m\u00e1s inseguro, el edil de Tlacolula de Matamoros, Carlos Le\u00f3n Monterrubio, responsabiliz\u00f3 al gobierno federal y la Cuarta Transformaci\u00f3n por el aumento de la delincuencia en la localidad, pese a formar parte de las filas de Morena.<\/p>\n\n\n\n<p>Y es que asegur\u00f3 que debido a los beneficios de los programas sociales que promueve el gobierno federal, se ha incrementado la delincuencia en la localidad, toda vez que dota a las y los j\u00f3venes de dinero que utilizan para la compra de droga.&nbsp;<\/p>\n\n\n\n<p>\u201cHay programas que no debi\u00f3 haber implementado como la beca los universitarios y a los de la preparatoria, aunque reprueben tienen su beca y saben cu\u00e1l es el peor programa que se implement\u00f3 J\u00f3venes Construyendo el Futuro que saben que hacen, no hacen absolutamente nada y nada m\u00e1s reciben su dinero para comprar su droga\u201d, refiri\u00f3 en un video que se difundi\u00f3 en las redes sociales&nbsp;<\/p>\n\n\n\n<p>Con lo anterior no s\u00f3lo estigmatiza a la juventud, ya que hace referencia espec\u00edfica a los programas que la benefician, sino que la responsabiliza de la inseguridad que se registra en la localidad y que es obligaci\u00f3n de las autoridades atender en beneficio de toda la poblaci\u00f3n.\u00a0<\/p>\n\n\n\n<figure class=\"wp-block-embed-twitter wp-block-embed is-type-rich is-provider-twitter\"><div class=\"wp-block-embed__wrapper\">\n<div class=\"twitter-tweet\"><blockquote class=\"twitter-tweet\" data-lang=\"es\"><p lang=\"es\" dir=\"ltr\">\u00bfQu\u00e9 le parece? Surgi\u00f3 del Partido <a href=\"https:\/\/twitter.com\/hashtag\/Morena?src=hash&amp;ref_src=twsrc%5Etfw\">#Morena<\/a> y tiene m\u00faltiples conflictos sin resolver, entre ellos la inseguridad.<br>Pero para el edil de <a href=\"https:\/\/twitter.com\/hashtag\/Tlacolula?src=hash&amp;ref_src=twsrc%5Etfw\">#Tlacolula<\/a> de Matamoros, Carlos Le\u00f3n Monterrubio, el problema delictivo se origina por\u2026 los programas sociales de Andr\u00e9s Manuel L\u00f3pez Obrador. <a href=\"https:\/\/t.co\/egmSP7Wt7R\">pic.twitter.com\/egmSP7Wt7R<\/a><\/p>&mdash; Zona Roja Oaxaca (@Zona_Roja_Oax) <a href=\"https:\/\/twitter.com\/Zona_Roja_Oax\/status\/1410950284675854337?ref_src=twsrc%5Etfw\">2 de julio de 2021<\/a><\/blockquote><\/div>\n<\/div><\/figure>\n\n\n\n<p>Le\u00f3n Monterrubio tambi\u00e9n se fue en contra de la Fiscal\u00eda General de Justicia de Oaxaca, hoy al mando de Arturo Peimbert Calvo, en donde dijo sueltan a los delincuentes que son capturados por la autoridad municipal, en incluso por la propia ciudadan\u00eda.&nbsp;<\/p>\n\n\n\n<p>\u201cAqu\u00ed el problema es que si lo agarramos los remitimos a la Fiscal\u00eda y es ah\u00ed donde los sueltan, no los soltamos nosotros. Donde tienen que ir es a la Fiscal\u00eda y a la Federaci\u00f3n\u201d, expuso ante un grupo de pobladores que reclamaba mayor seguridad.&nbsp;<\/p>\n\n\n\n<p>Y es que apenas el pasado martes, 29 de junio, vecinos del municipio convocaron a una reuni\u00f3n \u201cde suma importancia\u201d a fin de organizarse en contra de la delincuencia y tomar acciones concretas, debido a la omisi\u00f3n por parte de las autoridades para detener a los delincuentes.<\/p>\n\n\n\n<p>D\u00edas antes, el martes 24 de junio, dos presuntos ladrones estuvieran a punto de ser linchados por vecinos de la colonia Emiliano Zapata, al ser acusados de cometer un robo a una vivienda.<\/p>\n\n\n\n<p>Los habitantes dijeron estar hartos de la impunidad y decidieron hacer justicia por su propia mano, adem\u00e1s que agredieron a los polic\u00edas municipales que llegaron a la zona para salvar y detener a las dos personas que recib\u00edan una salvaje golpiza.<\/p>\n","protected":false},"excerpt":{"rendered":"<p>Evlin Arag\u00f3n\/Zona Roja. Oaxaca de Ju\u00e1rez, Oax., 2 de julio de 2021.- Frente a crecientes&hellip;<\/p>\n","protected":false},"author":2,"featured_media":17481,"comment_status":"closed","ping_status":"open","sticky":false,"template":"","format":"standard","meta":{"_lmt_disableupdate":"","_lmt_disable":"","_jetpack_memberships_contains_paid_content":false,"footnotes":""},"categories":[109,47],"tags":[127],"class_list":["post-29261","post","type-post","status-publish","format-standard","has-post-thumbnail","hentry","category-minuto-a-minuto","category-zona-gris","tag-tlacolula-de-matamoros"],"jetpack_featured_media_url":"https:\/\/zonaroja.com.mx\/wp-content\/uploads\/2020\/09\/Carlos-Leon-Monterrubio.jpg","jetpack_sharing_enabled":true,"_links":{"self":[{"href":"https:\/\/zonaroja.com.mx\/index.php?rest_route=\/wp\/v2\/posts\/29261","targetHints":{"allow":["GET"]}}],"collection":[{"href":"https:\/\/zonaroja.com.mx\/index.php?rest_route=\/wp\/v2\/posts"}],"about":[{"href":"https:\/\/zonaroja.com.mx\/index.php?rest_route=\/wp\/v2\/types\/post"}],"author":[{"embeddable":true,"href":"https:\/\/zonaroja.com.mx\/index.php?rest_route=\/wp\/v2\/users\/2"}],"replies":[{"embeddable":true,"href":"https:\/\/zonaroja.com.mx\/index.php?rest_route=%2Fwp%2Fv2%2Fcomments&post=29261"}],"version-history":[{"count":1,"href":"https:\/\/zonaroja.com.mx\/index.php?rest_route=\/wp\/v2\/posts\/29261\/revisions"}],"predecessor-version":[{"id":29263,"href":"https:\/\/zonaroja.com.mx\/index.php?rest_route=\/wp\/v2\/posts\/29261\/revisions\/29263"}],"wp:featuredmedia":[{"embeddable":true,"href":"https:\/\/zonaroja.com.mx\/index.php?rest_route=\/wp\/v2\/media\/17481"}],"wp:attachment":[{"href":"https:\/\/zonaroja.com.mx\/index.php?rest_route=%2Fwp%2Fv2%2Fmedia&parent=29261"}],"wp:term":[{"taxonomy":"category","embeddable":true,"href":"https:\/\/zonaroja.com.mx\/index.php?rest_route=%2Fwp%2Fv2%2Fcategories&post=29261"},{"taxonomy":"post_tag","embeddable":true,"href":"https:\/\/zonaroja.com.mx\/index.php?rest_route=%2Fwp%2Fv2%2Ftags&post=29261"}],"curies":[{"name":"wp","href":"https:\/\/api.w.org\/{rel}","templated":true}]}}