{"id":29264,"date":"2021-07-02T14:46:09","date_gmt":"2021-07-02T19:46:09","guid":{"rendered":"http:\/\/www.zonaroja.com.mx\/?p=29264"},"modified":"2021-07-02T14:46:11","modified_gmt":"2021-07-02T19:46:11","slug":"ordena-tribunal-electoral-restituir-a-regidor-de-santa-lucia-del-camino","status":"publish","type":"post","link":"https:\/\/zonaroja.com.mx\/?p=29264","title":{"rendered":"Ordena Tribunal Electoral restituir a regidor de Santa Luc\u00eda del Camino"},"content":{"rendered":"\n<p>Redacci\u00f3n\/Zona Roja.<\/p>\n\n\n\n<p>Oaxaca de Ju\u00e1rez, Oax., a 2 de julio de 2021.- Por unanimidad, el pleno del Tribunal Electoral del Estado de Oaxaca (TEEO) orden\u00f3 al presidente municipal (Dante Monta\u00f1o) e integrantes del Cabildo de Santa Luc\u00eda del Camino, restituir a Adri\u00e1n P\u00e9rez Rojas, como Regidor de Obras de ese ayuntamiento.<\/p>\n\n\n\n<p>Adem\u00e1s, se les pidi\u00f3 que paguen al actor las dietas adeudadas de marzo a la fecha.<\/p>\n\n\n\n<p>Mediante la resoluci\u00f3n del Juicio para La Protecci\u00f3n de los Derechos Pol\u00edtico-Electorales del Ciudadano, identificado con la clave JDC\/90\/2021, el \u00f3rgano jurisdiccional declar\u00f3 fundados los agravios hechos valer por P\u00e9rez Rojas, respecto a que, una vez que concluy\u00f3 el periodo de su licencia, se le neg\u00f3 una oficina y material administrativo para el desarrollo de sus funciones, as\u00ed como, la omisi\u00f3n de la autoridad municipal de citarlo a sesiones de Cabildo.<\/p>\n\n\n\n<p>En el mismo expediente, la magistrada y los magistrados advirtieron que no se acredit\u00f3 la violencia pol\u00edtica que adujo el denunciante.<\/p>\n\n\n\n<p>TAMBI\u00c9N OAXACA CAPITAL<\/p>\n\n\n\n<p>Por otro lado, en el expediente n\u00famero JDC\/77\/2021, el Tribunal resolvi\u00f3 que el presidente municipal de Oaxaca de Ju\u00e1rez (Oswaldo Garc\u00eda Jarqu\u00edn) vulner\u00f3 los derechos pol\u00edtico electorales de Lizeth Azhalia Z\u00e1rate L\u00f3pez, suplente de la Regidur\u00eda de Hacienda de ese ayuntamiento.<\/p>\n\n\n\n<p>Determin\u00f3 que la autoridad responsable incumpli\u00f3 con lo establecido en el art\u00edculo 83, numeral III, inciso b) de la Ley Org\u00e1nica Municipal del Estado de Oaxaca; al no convocar a la actora a efecto de suplir la ausencia de la concejal propietaria, luego de hab\u00e9rsele aprobado una licencia por el plazo de 80 d\u00edas, el pasado 24 de marzo de este a\u00f1o.<\/p>\n\n\n\n<p>Pese a lo anterior, aclar\u00f3 el Pleno, la determinaci\u00f3n del presidente Municipal, de ninguna forma puede considerarse como violencia pol\u00edtica en raz\u00f3n de g\u00e9nero.<\/p>\n\n\n\n<p>As\u00ed tambi\u00e9n, estableci\u00f3 que la licencia que le fue otorgada a la concejal titular de la Regidur\u00eda de Hacienda, ya feneci\u00f3, por lo que lo se\u00f1alado por la actora, no es suficiente para alcanzar su pretensi\u00f3n de ocupar dicho cargo.<\/p>\n","protected":false},"excerpt":{"rendered":"<p>Redacci\u00f3n\/Zona Roja. Oaxaca de Ju\u00e1rez, Oax., a 2 de julio de 2021.- Por unanimidad, el&hellip;<\/p>\n","protected":false},"author":2,"featured_media":25428,"comment_status":"closed","ping_status":"open","sticky":false,"template":"","format":"standard","meta":{"_lmt_disableupdate":"","_lmt_disable":"","_jetpack_memberships_contains_paid_content":false,"footnotes":""},"categories":[109,47],"tags":[2773,337],"class_list":["post-29264","post","type-post","status-publish","format-standard","has-post-thumbnail","hentry","category-minuto-a-minuto","category-zona-gris","tag-adrian-perez-rojas","tag-santa-lucia-del-camino"],"jetpack_featured_media_url":"https:\/\/zonaroja.com.mx\/wp-content\/uploads\/2021\/04\/Adrian-Rojas..jpg","jetpack_sharing_enabled":true,"_links":{"self":[{"href":"https:\/\/zonaroja.com.mx\/index.php?rest_route=\/wp\/v2\/posts\/29264","targetHints":{"allow":["GET"]}}],"collection":[{"href":"https:\/\/zonaroja.com.mx\/index.php?rest_route=\/wp\/v2\/posts"}],"about":[{"href":"https:\/\/zonaroja.com.mx\/index.php?rest_route=\/wp\/v2\/types\/post"}],"author":[{"embeddable":true,"href":"https:\/\/zonaroja.com.mx\/index.php?rest_route=\/wp\/v2\/users\/2"}],"replies":[{"embeddable":true,"href":"https:\/\/zonaroja.com.mx\/index.php?rest_route=%2Fwp%2Fv2%2Fcomments&post=29264"}],"version-history":[{"count":1,"href":"https:\/\/zonaroja.com.mx\/index.php?rest_route=\/wp\/v2\/posts\/29264\/revisions"}],"predecessor-version":[{"id":29265,"href":"https:\/\/zonaroja.com.mx\/index.php?rest_route=\/wp\/v2\/posts\/29264\/revisions\/29265"}],"wp:featuredmedia":[{"embeddable":true,"href":"https:\/\/zonaroja.com.mx\/index.php?rest_route=\/wp\/v2\/media\/25428"}],"wp:attachment":[{"href":"https:\/\/zonaroja.com.mx\/index.php?rest_route=%2Fwp%2Fv2%2Fmedia&parent=29264"}],"wp:term":[{"taxonomy":"category","embeddable":true,"href":"https:\/\/zonaroja.com.mx\/index.php?rest_route=%2Fwp%2Fv2%2Fcategories&post=29264"},{"taxonomy":"post_tag","embeddable":true,"href":"https:\/\/zonaroja.com.mx\/index.php?rest_route=%2Fwp%2Fv2%2Ftags&post=29264"}],"curies":[{"name":"wp","href":"https:\/\/api.w.org\/{rel}","templated":true}]}}