{"id":29266,"date":"2021-07-02T16:33:29","date_gmt":"2021-07-02T21:33:29","guid":{"rendered":"http:\/\/www.zonaroja.com.mx\/?p=29266"},"modified":"2021-07-02T16:33:31","modified_gmt":"2021-07-02T21:33:31","slug":"se-suma-asuncion-ixtaltepec-a-la-emergencia-por-covid-19","status":"publish","type":"post","link":"https:\/\/zonaroja.com.mx\/?p=29266","title":{"rendered":"Se suma Asunci\u00f3n Ixtaltepec a la emergencia por Covid-19"},"content":{"rendered":"\n<p>Evlin Arag\u00f3n\/Zona Roja.<\/p>\n\n\n\n<p>Oaxaca de Ju\u00e1rez, Oax., 2 de julio de 2021.-<\/p>\n\n\n\n<p>El municipio de Asunci\u00f3n Ixtaltepec determino implementar un plan emergente ante los incrementos significativos de los casos de Covid-19 en la poblaci\u00f3n que se han disparado de manera recientes.&nbsp;<\/p>\n\n\n\n<p>Con lo anterior, se suma a los municipios de Santo Domingo Tehuantepec, Juchit\u00e1n de Zaragoza, Salina Cruz y Santo Domingo Ingenio, todos pertenecientes a la regi\u00f3n del Istmo, que se han declarado en alerta ante el aumento en contagios del virus SARS-CoV-2.<\/p>\n\n\n\n<p>De acuerdo con la autoridad municipal y mediante acuerdo de Cabildo se decidi\u00f3 reducir la cantidad de comensales y usuarios, al 50 por ciento, en negocios expendedores de alimentos y transporte p\u00fablico; impedir la venta de bebidas alcoh\u00f3licas despu\u00e9s de las 18:00 horas; reforzar las medidas sanitarias, incluida la sana distancia, en mercados y tianguis.&nbsp;<\/p>\n\n\n\n<p>En este mismo sentido, cerrar los espacios p\u00fablicos, parques y campos deportivos; as\u00ed como retomar las recomendaciones del uso correcto del cubrebocas, lavado de manos constante y la utilizaci\u00f3n de gel antibacterial, as\u00ed como la limpieza y desinfecci\u00f3n permanente en zonas de contacto.&nbsp;&nbsp;<\/p>\n\n\n\n<p>Finalmente, a la poblaci\u00f3n en general se les recomend\u00f3 evitar realizar o acudir a fiestas y reuniones p\u00fablicas o privada, con la finalidad de reducir la cadena de contagios.&nbsp;<\/p>\n\n\n\n<p>\u201cSi procuramos este tipo de acciones y recomendaciones en gran medida podremos contrarrestar la alarmante y creciente ola de contagios que se han generado en la poblaci\u00f3n y que est\u00e1n cobrando cada vez m\u00e1s vidas de nuestros amigos, vecinos y familiares\u201d, cita el acuerdo de la autoridad.&nbsp;<\/p>\n\n\n\n<p>La autoridad confirm\u00f3 que la poblaci\u00f3n ha bajado la guardia e ignorado las medidas sanitarias lo cual ha provocado que la ola de mortandad en la poblaci\u00f3n se haya elevado, de ah\u00ed que decidieron implementar el plan emergente con una duraci\u00f3n del 1 al 15 de julio.&nbsp;<\/p>\n\n\n\n<p>\u201cTranscurrido el periodo se evaluar\u00e1n los resultados y verificar\u00e1n que las medidas propuestas hayan logrado su objetivo a trav\u00e9s de la reducci\u00f3n de los n\u00fameros de contagios\u201d, refiri\u00f3 el comunicado.&nbsp;<\/p>\n\n\n\n<p>Finalmente, advirti\u00f3 sobre la presencia de casos de dengue cl\u00e1sico, derivado de la temporada de luvias y la acumulaci\u00f3n de cacharros y basura en los hogares, por lo que advirti\u00f3 a la poblaci\u00f3n a mantener la limpieza en patios, terrenos, tanques, tinaja, floreros y dem\u00e1s contenedores de agua.&nbsp;<\/p>\n","protected":false},"excerpt":{"rendered":"<p>Evlin Arag\u00f3n\/Zona Roja. Oaxaca de Ju\u00e1rez, Oax., 2 de julio de 2021.- El municipio de&hellip;<\/p>\n","protected":false},"author":2,"featured_media":29267,"comment_status":"closed","ping_status":"open","sticky":false,"template":"","format":"standard","meta":{"_lmt_disableupdate":"","_lmt_disable":"","_jetpack_memberships_contains_paid_content":false,"footnotes":""},"categories":[109,47],"tags":[1821],"class_list":["post-29266","post","type-post","status-publish","format-standard","has-post-thumbnail","hentry","category-minuto-a-minuto","category-zona-gris","tag-asuncion-ixtaltepec"],"jetpack_featured_media_url":"https:\/\/zonaroja.com.mx\/wp-content\/uploads\/2021\/07\/Asuncion-Ixtaltepec.jpg","jetpack_sharing_enabled":true,"_links":{"self":[{"href":"https:\/\/zonaroja.com.mx\/index.php?rest_route=\/wp\/v2\/posts\/29266","targetHints":{"allow":["GET"]}}],"collection":[{"href":"https:\/\/zonaroja.com.mx\/index.php?rest_route=\/wp\/v2\/posts"}],"about":[{"href":"https:\/\/zonaroja.com.mx\/index.php?rest_route=\/wp\/v2\/types\/post"}],"author":[{"embeddable":true,"href":"https:\/\/zonaroja.com.mx\/index.php?rest_route=\/wp\/v2\/users\/2"}],"replies":[{"embeddable":true,"href":"https:\/\/zonaroja.com.mx\/index.php?rest_route=%2Fwp%2Fv2%2Fcomments&post=29266"}],"version-history":[{"count":1,"href":"https:\/\/zonaroja.com.mx\/index.php?rest_route=\/wp\/v2\/posts\/29266\/revisions"}],"predecessor-version":[{"id":29268,"href":"https:\/\/zonaroja.com.mx\/index.php?rest_route=\/wp\/v2\/posts\/29266\/revisions\/29268"}],"wp:featuredmedia":[{"embeddable":true,"href":"https:\/\/zonaroja.com.mx\/index.php?rest_route=\/wp\/v2\/media\/29267"}],"wp:attachment":[{"href":"https:\/\/zonaroja.com.mx\/index.php?rest_route=%2Fwp%2Fv2%2Fmedia&parent=29266"}],"wp:term":[{"taxonomy":"category","embeddable":true,"href":"https:\/\/zonaroja.com.mx\/index.php?rest_route=%2Fwp%2Fv2%2Fcategories&post=29266"},{"taxonomy":"post_tag","embeddable":true,"href":"https:\/\/zonaroja.com.mx\/index.php?rest_route=%2Fwp%2Fv2%2Ftags&post=29266"}],"curies":[{"name":"wp","href":"https:\/\/api.w.org\/{rel}","templated":true}]}}