{"id":29272,"date":"2021-07-02T19:20:32","date_gmt":"2021-07-03T00:20:32","guid":{"rendered":"http:\/\/www.zonaroja.com.mx\/?p=29272"},"modified":"2021-07-02T19:20:35","modified_gmt":"2021-07-03T00:20:35","slug":"sociedad-interamericana-de-prensa-rechaza-retorica-de-amlo-contra-medios","status":"publish","type":"post","link":"https:\/\/zonaroja.com.mx\/?p=29272","title":{"rendered":"Sociedad Interamericana de Prensa rechaza ret\u00f3rica de AMLO contra medios"},"content":{"rendered":"\n<p>Redacci\u00f3n\/Zona Roja Cdmx.<\/p>\n\n\n\n<p>Ciudad de M\u00e9xico, 2 de julio de 2021.- La Sociedad Interamericana de Prensa (SIP) critic\u00f3 este viernes la \u201crecurrente campa\u00f1a de estigmatizaci\u00f3n\u201d de los medios de comunicaci\u00f3n y periodistas por parte del presidente de M\u00e9xico, Andr\u00e9s Manuel L\u00f3pez Obrador, y pidi\u00f3 el cese inmediato de este tipo de \u201cagresiones\u201d.<\/p>\n\n\n\n<p>La SIP, con sede en Miami, repudi\u00f3 la campa\u00f1a de \u201cestigmatizaci\u00f3n\u201d de L\u00f3pez Obrador contra los medios mexicanos y alert\u00f3 sobre el hecho de que este tipo de ataques \u201csuelen degenerar en hechos de violencia\u201d, inform\u00f3 hoy la agencia EFE.<\/p>\n\n\n\n<p>En su conferencia diaria y matutina del pasado 30 de junio, apunta la SIP, L\u00f3pez Obrador inici\u00f3 el espacio \u201cQui\u00e9n es qui\u00e9n en las mentiras de la semana\u201d, dedicado a atacar a los medios de comunicaci\u00f3n y acusar directamente a periodistas.<\/p>\n\n\n\n<p>La primera edici\u00f3n del segmento de la Presidencia fue presentada por la periodista Ana Elizabeth Garc\u00eda Vilchis, a\u00f1adi\u00f3 la organizaci\u00f3n sin fines de lucro.<\/p>\n\n\n\n<p>\u201cLa nueva acci\u00f3n de L\u00f3pez Obrador contra la prensa no es nada novedoso; nos recuerda las peligrosas campa\u00f1as de descr\u00e9dito de gobernantes y funcionarios que desde la tribuna p\u00fablica censuran y descalifican a la prensa independiente\u201d, se\u00f1al\u00f3 en un comunicado Jorge Canahuati, presidente de la SIP.<\/p>\n\n\n\n<p>Por su parte, el presidente de la Comisi\u00f3n de Libertad de Prensa e Informaci\u00f3n de la SIP, Carlos Jornet, advirti\u00f3 que, en el caso de M\u00e9xico, \u201cuno de los pa\u00edses de mayor riesgo para el ejercicio del periodismo, resulta doblemente peligroso el discurso directo de la Presidencia con insultos contra periodistas y medios\u201d.<\/p>\n\n\n\n<p>Este tipo de agresiones, como lo indica la experiencia, \u201csuelen degenerar en hechos de violencia\u201d, apostill\u00f3 Jornet.<\/p>\n\n\n\n<p>Canahuati y Jornet dijeron que los descalificativos a trav\u00e9s de discurso directo o mediante otros recursos \u201cconfiguran medidas de censura indirecta dirigidas a desvirtuar el debate p\u00fablico\u201d.<\/p>\n\n\n\n<p>Ante este problema recurrente en muchos pa\u00edses de la regi\u00f3n, la SIP emiti\u00f3 tiempo atr\u00e1s una resoluci\u00f3n en la que advert\u00eda que, \u201cindependientemente del sesgo ideol\u00f3gico de los presidentes de la regi\u00f3n, esta es una pr\u00e1ctica habitual de los presidentes Jair Bolsonaro (Brasil), Nayib Bukele (El Salvador), el exmandatario estadounidense Donald Trump, Jimmy Morales (Guatemala), Andr\u00e9s Manuel L\u00f3pez Obrado (M\u00e9xico), Daniel Ortega (Nicaragua) y Nicol\u00e1s Maduro, en Venezuela.<\/p>\n\n\n\n<p>La Declaraci\u00f3n de Chapultepec de la SIP, dec\u00e1logo de principios sobre las libertades de expresi\u00f3n y de prensa, consigna tambi\u00e9n que \u201cLos medios de comunicaci\u00f3n y los periodistas no deben ser objeto de discriminaciones o favores en raz\u00f3n de lo que escriban o digan\u201d.<\/p>\n\n\n\n<p>(Informaci\u00f3n de la agencia EFE)<\/p>\n","protected":false},"excerpt":{"rendered":"<p>Redacci\u00f3n\/Zona Roja Cdmx. Ciudad de M\u00e9xico, 2 de julio de 2021.- La Sociedad Interamericana de&hellip;<\/p>\n","protected":false},"author":2,"featured_media":29273,"comment_status":"closed","ping_status":"open","sticky":false,"template":"","format":"standard","meta":{"_lmt_disableupdate":"","_lmt_disable":"","_jetpack_memberships_contains_paid_content":false,"footnotes":""},"categories":[109,47],"tags":[2774],"class_list":["post-29272","post","type-post","status-publish","format-standard","has-post-thumbnail","hentry","category-minuto-a-minuto","category-zona-gris","tag-andres-manuel-lopez-o"],"jetpack_featured_media_url":"https:\/\/zonaroja.com.mx\/wp-content\/uploads\/2021\/07\/Quien-es-quien-en-las-mentiras.jpg","jetpack_sharing_enabled":true,"_links":{"self":[{"href":"https:\/\/zonaroja.com.mx\/index.php?rest_route=\/wp\/v2\/posts\/29272","targetHints":{"allow":["GET"]}}],"collection":[{"href":"https:\/\/zonaroja.com.mx\/index.php?rest_route=\/wp\/v2\/posts"}],"about":[{"href":"https:\/\/zonaroja.com.mx\/index.php?rest_route=\/wp\/v2\/types\/post"}],"author":[{"embeddable":true,"href":"https:\/\/zonaroja.com.mx\/index.php?rest_route=\/wp\/v2\/users\/2"}],"replies":[{"embeddable":true,"href":"https:\/\/zonaroja.com.mx\/index.php?rest_route=%2Fwp%2Fv2%2Fcomments&post=29272"}],"version-history":[{"count":1,"href":"https:\/\/zonaroja.com.mx\/index.php?rest_route=\/wp\/v2\/posts\/29272\/revisions"}],"predecessor-version":[{"id":29274,"href":"https:\/\/zonaroja.com.mx\/index.php?rest_route=\/wp\/v2\/posts\/29272\/revisions\/29274"}],"wp:featuredmedia":[{"embeddable":true,"href":"https:\/\/zonaroja.com.mx\/index.php?rest_route=\/wp\/v2\/media\/29273"}],"wp:attachment":[{"href":"https:\/\/zonaroja.com.mx\/index.php?rest_route=%2Fwp%2Fv2%2Fmedia&parent=29272"}],"wp:term":[{"taxonomy":"category","embeddable":true,"href":"https:\/\/zonaroja.com.mx\/index.php?rest_route=%2Fwp%2Fv2%2Fcategories&post=29272"},{"taxonomy":"post_tag","embeddable":true,"href":"https:\/\/zonaroja.com.mx\/index.php?rest_route=%2Fwp%2Fv2%2Ftags&post=29272"}],"curies":[{"name":"wp","href":"https:\/\/api.w.org\/{rel}","templated":true}]}}