{"id":29279,"date":"2021-07-02T21:36:45","date_gmt":"2021-07-03T02:36:45","guid":{"rendered":"http:\/\/www.zonaroja.com.mx\/?p=29279"},"modified":"2021-07-02T21:36:47","modified_gmt":"2021-07-03T02:36:47","slug":"denuncian-despidos-en-el-issste-y-director-general-se-promociona-para-gobernador","status":"publish","type":"post","link":"https:\/\/zonaroja.com.mx\/?p=29279","title":{"rendered":"Denuncian despidos en el ISSSTE\u2026 y director general se promociona para gobernador"},"content":{"rendered":"\n<p>Ismael Garc\u00eda M.\/Zona Roja.<\/p>\n\n\n\n<p>Oaxaca de Ju\u00e1rez, Oax., 2 de julio de 2021.- Personal del ISSSTE denunci\u00f3 hoy el despido de al menos 125 trabajadores que laboraron en la primera l\u00ednea de batalla contra el Covid-19, bajo el argumento de que descendieron los casos positivos.<\/p>\n\n\n\n<p>Sin embargo, su director general, Luis Antonio Ram\u00edrez Pineda, desconoce la situaci\u00f3n y en lugar de atender la problem\u00e1tica, visit\u00f3 la Heroica Ciudad de Tlaxiaco en presunta campa\u00f1a pol\u00edtica, donde acept\u00f3 que aspira ser candidato a gobernador de Oaxaca.<\/p>\n\n\n\n<p>En conferencia de prensa, representantes de personal m\u00e9dico, de enfermer\u00eda y camilleros del Hospital \u201cPresidente Ju\u00e1rez\u201d del ISSSTE en la ciudad de Oaxaca, denunci\u00f3 en conferencia de prensa que ayer les informaron los despidos.<\/p>\n\n\n\n<p>\u201cLos directivos de la instituci\u00f3n nos dicen que esto viene de M\u00e9xico, la orden es federal; estamos reunidos para pedir a los directivos, a los altos mandos del ISSSTE que puedan reanudarnos los contratos.<\/p>\n\n\n\n<p>\u201cUstedes saben bien que estamos en inicios, muy probablemente, de la tercera ola de Covid, pues los casos han aumentado en la entidad y muy probablemente dejemos al derechohabiente descubierto, porque el personal que se queda, es muy poco\u201d, dijo uno de ellos.<\/p>\n\n\n\n<p>Quien se identific\u00f3 como \u00c9dgar Bautista, pidi\u00f3 a las autoridades a nivel nacional que hagan caso para poder seguir laborando y darle atenci\u00f3n adecuada a los derechohabientes; dijo que hay escaso personal que se queda para atender la pandemia y no se da abasto.<\/p>\n\n\n\n<figure class=\"wp-block-embed-twitter wp-block-embed is-type-rich is-provider-twitter\"><div class=\"wp-block-embed__wrapper\">\n<div class=\"twitter-tweet\"><blockquote class=\"twitter-tweet\" data-lang=\"es\"><p lang=\"es\" dir=\"ltr\"><a href=\"https:\/\/twitter.com\/hashtag\/%C3%9AltimoMinuto?src=hash&amp;ref_src=twsrc%5Etfw\">#\u00daltimoMinuto<\/a> <br>II. Piden al <a href=\"https:\/\/twitter.com\/INSABI_mx?ref_src=twsrc%5Etfw\">@INSABI_mx<\/a> y al <a href=\"https:\/\/twitter.com\/ISSSTE_mx?ref_src=twsrc%5Etfw\">@ISSSTE_mx<\/a> ser considerados en la recontrataci\u00f3n; aseguran que los casos de Covid-19 no cesan y se requiere personal para atender a pacientes. <a href=\"https:\/\/t.co\/0JoV2hGJpq\">pic.twitter.com\/0JoV2hGJpq<\/a><\/p>&mdash; Zona Roja Oaxaca (@Zona_Roja_Oax) <a href=\"https:\/\/twitter.com\/Zona_Roja_Oax\/status\/1411032541692301312?ref_src=twsrc%5Etfw\">2 de julio de 2021<\/a><\/blockquote><\/div>\n<\/div><\/figure>\n\n\n\n<p>EN PROSELITISMO<\/p>\n\n\n\n<p>A la misma hora, pero en la Heroica Ciudad de Tlaxiaco, el director general del ISSSTE, el oaxaque\u00f1o Luis Antonio Ram\u00edrez Pineda, inici\u00f3 una presunta campa\u00f1a proselitista en la entidad, bajo el argumento de reuniones con autoridades y personal de la instituci\u00f3n.<\/p>\n\n\n\n<p>Tras ello fue cuestionado por los medios de comunicaci\u00f3n acerca de la denuncia del personal despedido, lo cual dijo desconoce.<\/p>\n\n\n\n<p>Pero a pregunta expresa, acept\u00f3 que busca ser candidato a gobernador, sin especificar si por el Partido Morena o por el PRI, del cual es militante.<\/p>\n\n\n\n<p>\u201cEl simple hecho de que haya sido diputado local, diputado federal, el que tenga un cargo a nivel federal, pues ello permite que uno tenga posibilidades de tener esas aspiraciones. Obviamente estar\u00e9 esperando a que se den los tiempos, a que se hagan las convocatorias y en funci\u00f3n de eso voy a tomar una decisi\u00f3n\u201d, dijo.<\/p>\n\n\n\n<p>&#8211;\u00bfPero s\u00ed est\u00e1 interesado en participar?<\/p>\n\n\n\n<p>&#8211;Bueno, quienes estamos en pol\u00edtica, estamos evidentemente interesados en trabajar en la pol\u00edtica, en el sector p\u00fablico, y yo por supuesto que tengo aspiraciones como pol\u00edtico, como funcionario.<\/p>\n","protected":false},"excerpt":{"rendered":"<p>Ismael Garc\u00eda M.\/Zona Roja. Oaxaca de Ju\u00e1rez, Oax., 2 de julio de 2021.- Personal del&hellip;<\/p>\n","protected":false},"author":2,"featured_media":29280,"comment_status":"closed","ping_status":"open","sticky":false,"template":"","format":"standard","meta":{"_lmt_disableupdate":"","_lmt_disable":"","_jetpack_memberships_contains_paid_content":false,"footnotes":""},"categories":[109,47],"tags":[2775],"class_list":["post-29279","post","type-post","status-publish","format-standard","has-post-thumbnail","hentry","category-minuto-a-minuto","category-zona-gris","tag-luis-antonio-ramirez-pineda"],"jetpack_featured_media_url":"https:\/\/zonaroja.com.mx\/wp-content\/uploads\/2021\/07\/Protesta-personal-del-ISSSTE-despidos.jpg","jetpack_sharing_enabled":true,"_links":{"self":[{"href":"https:\/\/zonaroja.com.mx\/index.php?rest_route=\/wp\/v2\/posts\/29279","targetHints":{"allow":["GET"]}}],"collection":[{"href":"https:\/\/zonaroja.com.mx\/index.php?rest_route=\/wp\/v2\/posts"}],"about":[{"href":"https:\/\/zonaroja.com.mx\/index.php?rest_route=\/wp\/v2\/types\/post"}],"author":[{"embeddable":true,"href":"https:\/\/zonaroja.com.mx\/index.php?rest_route=\/wp\/v2\/users\/2"}],"replies":[{"embeddable":true,"href":"https:\/\/zonaroja.com.mx\/index.php?rest_route=%2Fwp%2Fv2%2Fcomments&post=29279"}],"version-history":[{"count":1,"href":"https:\/\/zonaroja.com.mx\/index.php?rest_route=\/wp\/v2\/posts\/29279\/revisions"}],"predecessor-version":[{"id":29281,"href":"https:\/\/zonaroja.com.mx\/index.php?rest_route=\/wp\/v2\/posts\/29279\/revisions\/29281"}],"wp:featuredmedia":[{"embeddable":true,"href":"https:\/\/zonaroja.com.mx\/index.php?rest_route=\/wp\/v2\/media\/29280"}],"wp:attachment":[{"href":"https:\/\/zonaroja.com.mx\/index.php?rest_route=%2Fwp%2Fv2%2Fmedia&parent=29279"}],"wp:term":[{"taxonomy":"category","embeddable":true,"href":"https:\/\/zonaroja.com.mx\/index.php?rest_route=%2Fwp%2Fv2%2Fcategories&post=29279"},{"taxonomy":"post_tag","embeddable":true,"href":"https:\/\/zonaroja.com.mx\/index.php?rest_route=%2Fwp%2Fv2%2Ftags&post=29279"}],"curies":[{"name":"wp","href":"https:\/\/api.w.org\/{rel}","templated":true}]}}