{"id":29285,"date":"2021-07-02T22:30:15","date_gmt":"2021-07-03T03:30:15","guid":{"rendered":"http:\/\/www.zonaroja.com.mx\/?p=29285"},"modified":"2021-07-02T22:30:17","modified_gmt":"2021-07-03T03:30:17","slug":"sigue-intenso-covid-en-oaxaca-8-muertes-y-84-contagiados","status":"publish","type":"post","link":"https:\/\/zonaroja.com.mx\/?p=29285","title":{"rendered":"Sigue intenso Covid en Oaxaca: 8 muertes y 84 contagiados"},"content":{"rendered":"\n<p>Redacci\u00f3n\/Zona Roja.<\/p>\n\n\n\n<p>Oaxaca de Ju\u00e1rez, Oax., 2 de julio de 2021.- Los Servicios de Salud de Oaxaca (SSO) reportaron que, de acuerdo con el panorama estatal de Covid-19, este viernes 2 de julio se han notificado 84 casos nuevos y ocho defunciones, sumando 48 mil 821 casos acumulados y tres mil 975 decesos.<\/p>\n\n\n\n<p>De acuerdo con la dependencia, se han notificado 84 mil 207 casos, de los cuales 30 mil 422 han sido negativos, hay cuatro mil 964 casos sospechosos, 44 mil 246 se han recuperado y hay 600 casos activos.<\/p>\n\n\n\n<p>La Jurisdicci\u00f3n Sanitaria n\u00famero uno Valles Centrales contabiliza 32 mil 674 casos confirmados y mil 918 defunciones, Istmo cuatro mil 699 casos confirmados y 756 fallecimientos; Tuxtepec tres mil seis casos y 355 muertes; Costa dos mil 600 y 314 decesos, Mixteca cuatro mil 91 casos confirmados y 408 muertes; Sierra mil 751 casos confirmados y 224 p\u00e9rdidas fatales.<\/p>\n\n\n\n<p>Los 84 casos nuevos afectan a 28 municipios, siendo el de Oaxaca de Ju\u00e1rez el que registra 17, seguido de Salina Cruz con nueve, Juchit\u00e1n de Zaragoza siete; Ciudad Ixtepec, San Pedro Mixtepec y Santo Domingo Tehuantepec cinco cada uno, Magdalena Tequisistl\u00e1n y Santa Cruz Xoxocotl\u00e1n cuatro cada uno; el resto tres, dos y un caso.<\/p>\n\n\n\n<figure class=\"wp-block-embed-twitter wp-block-embed is-type-rich is-provider-twitter\"><div class=\"wp-block-embed__wrapper\">\n<div class=\"twitter-tweet\"><blockquote class=\"twitter-tweet\" data-lang=\"es\"><p lang=\"es\" dir=\"ltr\"><a href=\"https:\/\/twitter.com\/hashtag\/%C3%9AltimoMinuto?src=hash&amp;ref_src=twsrc%5Etfw\">#\u00daltimoMinuto<\/a><br>Este viernes, <a href=\"https:\/\/twitter.com\/hashtag\/Oaxaca?src=hash&amp;ref_src=twsrc%5Etfw\">#Oaxaca<\/a> registr\u00f3 8 decesos por Covid-19, con lo que suman 3 mil 975 defunciones.<br>Adem\u00e1s, 84 casos positivos, para un acumulado de 48 mil 821 casos confirmados.<br>Hay seis hospitales llenos de pacientes.<a href=\"https:\/\/twitter.com\/hashtag\/Qu%C3%A9dateEnCasa?src=hash&amp;ref_src=twsrc%5Etfw\">#Qu\u00e9dateEnCasa<\/a> <a href=\"https:\/\/t.co\/FqUlrq3FBV\">pic.twitter.com\/FqUlrq3FBV<\/a><\/p>&mdash; Zona Roja Oaxaca (@Zona_Roja_Oax) <a href=\"https:\/\/twitter.com\/Zona_Roja_Oax\/status\/1411134009678209031?ref_src=twsrc%5Etfw\">3 de julio de 2021<\/a><\/blockquote><\/div>\n<\/div><\/figure>\n\n\n\n<p>De las tres mil 975 defunciones, dos mil 564 han sido hombres y mil 411 mujeres. El grupo de edad m\u00e1s afectado es el de 65 y m\u00e1s a\u00f1os con mil 894, seguido de 50 a 59 con 879 y 60 a 64 con 570; las comorbilidades asociadas son la hipertensi\u00f3n arterial con 40.4%, diabetes 36.1%, obesidad 21.1% e insuficiencia renal 6.7%.<\/p>\n\n\n\n<p>Hay seis hospitales al 100% de ocupaci\u00f3n y seis nuevos hospitalizados, 87 camas est\u00e1n ocupadas con pacientes COVID-19, de un total de 362 y disponibles 275.<\/p>\n\n\n\n<p>Por Jurisdicci\u00f3n Sanitaria, Valles centrales registra un 18.9%, Istmo 30.7%, Tuxtepec 40%, Costa 34.4%, Mixteca 8.3%, Sierra 0 %, con un global del 24% de ocupaci\u00f3n hospitalaria.<\/p>\n\n\n\n<p>La instituci\u00f3n exhorta a la poblaci\u00f3n en general, as\u00ed como a los establecimientos, centros comerciales e instituciones bancarias y autoridades municipales, a guardar la sana distancia de un metro y medio entre personas, usar el cubrebocas de forma correcta -que cubra nariz, boca y ment\u00f3n- evitar los lugares abarrotados, concurridos o en interiores con poca ventilaci\u00f3n, y lavarse peri\u00f3dicamente las manos con agua y jab\u00f3n o alcohol en gel, y evitar tocarse los ojos, nariz y la boca.<\/p>\n","protected":false},"excerpt":{"rendered":"<p>Redacci\u00f3n\/Zona Roja. Oaxaca de Ju\u00e1rez, Oax., 2 de julio de 2021.- Los Servicios de Salud&hellip;<\/p>\n","protected":false},"author":2,"featured_media":29286,"comment_status":"closed","ping_status":"open","sticky":false,"template":"","format":"standard","meta":{"_lmt_disableupdate":"","_lmt_disable":"","_jetpack_memberships_contains_paid_content":false,"footnotes":""},"categories":[109,47],"tags":[1512],"class_list":["post-29285","post","type-post","status-publish","format-standard","has-post-thumbnail","hentry","category-minuto-a-minuto","category-zona-gris","tag-coronavirus-oaxaca"],"jetpack_featured_media_url":"https:\/\/zonaroja.com.mx\/wp-content\/uploads\/2021\/07\/SSO-1-2.jpg","jetpack_sharing_enabled":true,"_links":{"self":[{"href":"https:\/\/zonaroja.com.mx\/index.php?rest_route=\/wp\/v2\/posts\/29285","targetHints":{"allow":["GET"]}}],"collection":[{"href":"https:\/\/zonaroja.com.mx\/index.php?rest_route=\/wp\/v2\/posts"}],"about":[{"href":"https:\/\/zonaroja.com.mx\/index.php?rest_route=\/wp\/v2\/types\/post"}],"author":[{"embeddable":true,"href":"https:\/\/zonaroja.com.mx\/index.php?rest_route=\/wp\/v2\/users\/2"}],"replies":[{"embeddable":true,"href":"https:\/\/zonaroja.com.mx\/index.php?rest_route=%2Fwp%2Fv2%2Fcomments&post=29285"}],"version-history":[{"count":1,"href":"https:\/\/zonaroja.com.mx\/index.php?rest_route=\/wp\/v2\/posts\/29285\/revisions"}],"predecessor-version":[{"id":29287,"href":"https:\/\/zonaroja.com.mx\/index.php?rest_route=\/wp\/v2\/posts\/29285\/revisions\/29287"}],"wp:featuredmedia":[{"embeddable":true,"href":"https:\/\/zonaroja.com.mx\/index.php?rest_route=\/wp\/v2\/media\/29286"}],"wp:attachment":[{"href":"https:\/\/zonaroja.com.mx\/index.php?rest_route=%2Fwp%2Fv2%2Fmedia&parent=29285"}],"wp:term":[{"taxonomy":"category","embeddable":true,"href":"https:\/\/zonaroja.com.mx\/index.php?rest_route=%2Fwp%2Fv2%2Fcategories&post=29285"},{"taxonomy":"post_tag","embeddable":true,"href":"https:\/\/zonaroja.com.mx\/index.php?rest_route=%2Fwp%2Fv2%2Ftags&post=29285"}],"curies":[{"name":"wp","href":"https:\/\/api.w.org\/{rel}","templated":true}]}}