{"id":29293,"date":"2021-07-03T07:32:03","date_gmt":"2021-07-03T12:32:03","guid":{"rendered":"http:\/\/www.zonaroja.com.mx\/?p=29293"},"modified":"2021-07-03T07:32:05","modified_gmt":"2021-07-03T12:32:05","slug":"dialogo-y-consenso-para-lograr-acuerdos-en-beneficio-de-todos-villarreal","status":"publish","type":"post","link":"https:\/\/zonaroja.com.mx\/?p=29293","title":{"rendered":"Di\u00e1logo y consenso, para lograr acuerdos en beneficio de todos: Villarreal"},"content":{"rendered":"\n<p>Redacci\u00f3n\/Zona Roja.<\/p>\n\n\n\n<p>Oaxaca de Ju\u00e1rez, Oax., 3 de julio de 2021.- En su segundo d\u00eda de gira de trabajo por la Ca\u00f1ada mazateca, como parte de la Jornada Estatal para el Di\u00e1logo y Consenso en Temas Educativos, el director general del Instituto Estatal de Educaci\u00f3n P\u00fablica de Oaxaca (IEEPO), Francisco \u00c1ngel Villarreal, se reuni\u00f3 con autoridades municipales en funciones y electas, comit\u00e9s municipales, representantes del magisterio, supervisores y directores de Educaci\u00f3n Ind\u00edgena.<\/p>\n\n\n\n<p>En el municipio de Huautla de Jim\u00e9nez, uno de los lugares de la entidad conocido por su misticismo, naturaleza, cultura y tradiciones, herencia cultural que ha prevalecido por generaciones, resalt\u00f3 que el di\u00e1logo, consenso y trabajo en unidad permite lograr acuerdos en beneficio de todas y todos los que conforman el sistema educativo estatal, con apego a las caracter\u00edsticas de cada regi\u00f3n.<\/p>\n\n\n\n<figure class=\"wp-block-embed-twitter wp-block-embed is-type-rich is-provider-twitter\"><div class=\"wp-block-embed__wrapper\">\n<div class=\"twitter-tweet\"><blockquote class=\"twitter-tweet\" data-lang=\"es\"><p lang=\"es\" dir=\"ltr\">En Huautla de Jim\u00e9nez, el DG del IEEPO, Paco Villarreal <a href=\"https:\/\/twitter.com\/VillarrealPaco?ref_src=twsrc%5Etfw\">@VillarrealPaco<\/a> se reuni\u00f3 con autoridades municipales en funciones y electas como parte de la jornada de consensos; les reiter\u00f3 que el regreso a clases presenciales ser\u00e1 voluntario y paulatino. &quot;No estan solos&quot;, dijo. <a href=\"https:\/\/t.co\/jbYYmOONbk\">pic.twitter.com\/jbYYmOONbk<\/a><\/p>&mdash; IEEPO (@IEEPOGobOax) <a href=\"https:\/\/twitter.com\/IEEPOGobOax\/status\/1411007491001946112?ref_src=twsrc%5Etfw\">2 de julio de 2021<\/a><\/blockquote><\/div>\n<\/div><\/figure>\n\n\n\n<p>Puntualiz\u00f3 que el probable regreso presencial a clases en el nivel b\u00e1sico, -uno de los temas abordados- ser\u00e1 voluntario, en consenso, con el acompa\u00f1amiento del IEEPO y respetando la decisi\u00f3n de la comunidad escolar. \u201cLa opini\u00f3n de la Sierra mazateca es y ser\u00e1 tomada en cuenta\u201d, enfatiz\u00f3 en los encuentros que se llevaron a cabo bajo los protocolos sanitarios establecidos.<\/p>\n\n\n\n<p>La Jornada Estatal para el Di\u00e1logo y Consenso en Temas Educativos, tiene como objetivo identificar conjuntamente con los protagonistas educativos, los retos en cada regi\u00f3n para la correcta toma de decisiones ante las condiciones actuales en la entidad.<\/p>\n\n\n\n<p>Algunos de los temas abordados fueron los protocolos para el regreso presencial a clases, entre ellos \u201cGu\u00eda de orientaci\u00f3n para la reapertura de escuelas ante Covid-19\u201d, que consiste en nueve intervenciones; la coordinaci\u00f3n de acciones entre gobierno y sociedad; as\u00ed como las necesidades y atenci\u00f3n que requiere cada comunidad escolar.<\/p>\n","protected":false},"excerpt":{"rendered":"<p>Redacci\u00f3n\/Zona Roja. Oaxaca de Ju\u00e1rez, Oax., 3 de julio de 2021.- En su segundo d\u00eda&hellip;<\/p>\n","protected":false},"author":2,"featured_media":29294,"comment_status":"closed","ping_status":"open","sticky":false,"template":"","format":"standard","meta":{"_lmt_disableupdate":"","_lmt_disable":"","_jetpack_memberships_contains_paid_content":false,"footnotes":""},"categories":[109,46],"tags":[652,599],"class_list":["post-29293","post","type-post","status-publish","format-standard","has-post-thumbnail","hentry","category-minuto-a-minuto","category-zona-blanca","tag-francisco-angel-villarreal","tag-instituto-estatal-de-educacion-publica-de-oaxaca"],"jetpack_featured_media_url":"https:\/\/zonaroja.com.mx\/wp-content\/uploads\/2021\/07\/2-IEEPO-2.jpg","jetpack_sharing_enabled":true,"_links":{"self":[{"href":"https:\/\/zonaroja.com.mx\/index.php?rest_route=\/wp\/v2\/posts\/29293","targetHints":{"allow":["GET"]}}],"collection":[{"href":"https:\/\/zonaroja.com.mx\/index.php?rest_route=\/wp\/v2\/posts"}],"about":[{"href":"https:\/\/zonaroja.com.mx\/index.php?rest_route=\/wp\/v2\/types\/post"}],"author":[{"embeddable":true,"href":"https:\/\/zonaroja.com.mx\/index.php?rest_route=\/wp\/v2\/users\/2"}],"replies":[{"embeddable":true,"href":"https:\/\/zonaroja.com.mx\/index.php?rest_route=%2Fwp%2Fv2%2Fcomments&post=29293"}],"version-history":[{"count":1,"href":"https:\/\/zonaroja.com.mx\/index.php?rest_route=\/wp\/v2\/posts\/29293\/revisions"}],"predecessor-version":[{"id":29295,"href":"https:\/\/zonaroja.com.mx\/index.php?rest_route=\/wp\/v2\/posts\/29293\/revisions\/29295"}],"wp:featuredmedia":[{"embeddable":true,"href":"https:\/\/zonaroja.com.mx\/index.php?rest_route=\/wp\/v2\/media\/29294"}],"wp:attachment":[{"href":"https:\/\/zonaroja.com.mx\/index.php?rest_route=%2Fwp%2Fv2%2Fmedia&parent=29293"}],"wp:term":[{"taxonomy":"category","embeddable":true,"href":"https:\/\/zonaroja.com.mx\/index.php?rest_route=%2Fwp%2Fv2%2Fcategories&post=29293"},{"taxonomy":"post_tag","embeddable":true,"href":"https:\/\/zonaroja.com.mx\/index.php?rest_route=%2Fwp%2Fv2%2Ftags&post=29293"}],"curies":[{"name":"wp","href":"https:\/\/api.w.org\/{rel}","templated":true}]}}