{"id":29303,"date":"2021-07-03T08:08:04","date_gmt":"2021-07-03T13:08:04","guid":{"rendered":"http:\/\/www.zonaroja.com.mx\/?p=29303"},"modified":"2021-07-03T08:08:05","modified_gmt":"2021-07-03T13:08:05","slug":"acusado-de-golpeador-ulises-ruiz-ha-sobrevivido-a-nueve-lideres-del-pri","status":"publish","type":"post","link":"https:\/\/zonaroja.com.mx\/?p=29303","title":{"rendered":"Acusado de golpeador, Ulises Ruiz ha sobrevivido a nueve l\u00edderes del PRI"},"content":{"rendered":"\n<p>Redacci\u00f3n\/Zona Roja Cdmx.<\/p>\n\n\n\n<p>Ciudad de M\u00e9xico, 3 de julio de 2021.- Ulises Ruiz es intocable para el PRI. El se\u00f1alado como \u201cgolpeador\u201d por sus adversarios y ha sobrevivido a nueve dirigentes nacionales que, desde 2012, no han dado el paso para sacarlo de sus filas.<\/p>\n\n\n\n<p>Fue 2006 el a\u00f1o que marc\u00f3 la gesti\u00f3n del entonces gobernador de Oaxaca. El informe final de la Comisi\u00f3n de la Verdad de Oaxaca detalla c\u00f3mo una protesta de integrantes de la CNTE que llevaba 23 d\u00edas en el Z\u00f3calo de Oaxaca deriv\u00f3 en un violento desalojo, que desat\u00f3 un conflicto social y pol\u00edtico que se extendi\u00f3 hasta 2007.<\/p>\n\n\n\n<p>En casi seis meses de movilizaciones, se reportaron 30 ejecuciones extrajudiciales, 311 detenciones arbitrarias, 381 lesionados, 248 casos de tortura y la desaparici\u00f3n forzada de dos personas.<\/p>\n\n\n\n<p>La Comisi\u00f3n de la Verdad de Oaxaca fall\u00f3 contra Ruiz, a quien acus\u00f3 de delitos de \u201clesa humanidad como lo fueron desapariciones forzadas, asesinatos extrajudiciales y detenciones arbitrarias con tortura ocurrido durante la revuelta social del 2006\u201d.<\/p>\n\n\n\n<p>Adem\u00e1s, exigi\u00f3 la inhabilitaci\u00f3n de otros 45 funcionarios, entre ellos el fiscal general de justicia de Oaxaca, Joaqu\u00edn Carrillo, a quien se se\u00f1al\u00f3 de obstaculizar el debido proceso contra indiciados.<\/p>\n\n\n\n<p>En 2008, representantes de la Asamblea Popular de los Pueblos de Oaxaca presentaron una denuncia penal en la entonces PGR contra Ruiz y sus ex funcionarios estatales. En la querella, se les se\u00f1al\u00f3 como responsables de los delitos de tentativa de homicidio calificado, abuso de autoridad, tortura f\u00edsica, moral, psicol\u00f3gica, trato cruel, inhumano y degradante, coalici\u00f3n de servidores p\u00fablicos y lesiones; no obstante, libr\u00f3 la c\u00e1rcel.<\/p>\n\n\n\n<p>Pese a los delitos acreditados, en agosto de 2010 Ruiz fue exonerado por el Congreso estatal de enfrentar un juicio pol\u00edtico por presuntas violaciones a los derechos humanos en 2006.<\/p>\n\n\n\n<p>En 2012, priistas presentaron denuncias contra \u00e9l ante la Comisi\u00f3n de Justicia Partidaria por su oposici\u00f3n y activismo contra la nominaci\u00f3n a candidato presidencial de Enrique Pe\u00f1a Nieto. Una vez que el priista lleg\u00f3 al Ejecutivo, Ruiz hizo mutis hasta 2015, cuando busc\u00f3 una candidatura para diputado federal; sin embargo, le fue negada por la dirigencia, en ese momento encabezaba C\u00e9sar Camacho Quiroz.<\/p>\n\n\n\n<p>En 2016, a la llegada de Enrique Ochoa a la presidencia del PRI, Ruiz manifest\u00f3 su descontento por el \u201cdedazo\u201d, y cuestion\u00f3 su militancia partidaria.<\/p>\n\n\n\n<p>En 2018 volvi\u00f3 a buscar una posici\u00f3n en el Congreso, pero le fue negado el espacio por Ren\u00e9 Ju\u00e1rez y, tras los p\u00e9simos resultados presidenciales de ese a\u00f1o, pidi\u00f3 la renuncia del tambi\u00e9n ex gobernador de Guerrero.<\/p>\n\n\n\n<p>Al a\u00f1o siguiente contendi\u00f3 por la dirigencia contra Alejandro Moreno e Ivonne Ortega. Ruiz present\u00f3 ante la FGR una denuncia contra Moreno por enriquecimiento il\u00edcito y exigi\u00f3 investigar la compra de sus casas y terrenos en Campeche a su paso por la gubernatura; actualmente, junto a Nallely Guti\u00e9rrez, encabeza una rebeli\u00f3n contra \u00e9l.&nbsp;<\/p>\n\n\n\n<p>As\u00ed, pese a los encontronazos que ha mantenido con dirigentes de su partido, su carpeta de expulsi\u00f3n sigue desde hace ocho a\u00f1os en la Comisi\u00f3n de Justicia Partidaria, misma que s\u00ed ha logrado la salida de otros ex mandatarios como Roberto Borge, C\u00e9sar Duarte y Javier Duarte.&nbsp;<\/p>\n\n\n\n<p>(Informaci\u00f3n de \u201cMilenio\u201d)<\/p>\n","protected":false},"excerpt":{"rendered":"<p>Redacci\u00f3n\/Zona Roja Cdmx. Ciudad de M\u00e9xico, 3 de julio de 2021.- Ulises Ruiz es intocable&hellip;<\/p>\n","protected":false},"author":2,"featured_media":29304,"comment_status":"closed","ping_status":"open","sticky":false,"template":"","format":"standard","meta":{"_lmt_disableupdate":"","_lmt_disable":"","_jetpack_memberships_contains_paid_content":false,"footnotes":""},"categories":[109,47],"tags":[749],"class_list":["post-29303","post","type-post","status-publish","format-standard","has-post-thumbnail","hentry","category-minuto-a-minuto","category-zona-gris","tag-ulises-ruiz-ortiz"],"jetpack_featured_media_url":"https:\/\/zonaroja.com.mx\/wp-content\/uploads\/2021\/07\/Ulises-Ruiz-O.jpeg","jetpack_sharing_enabled":true,"_links":{"self":[{"href":"https:\/\/zonaroja.com.mx\/index.php?rest_route=\/wp\/v2\/posts\/29303","targetHints":{"allow":["GET"]}}],"collection":[{"href":"https:\/\/zonaroja.com.mx\/index.php?rest_route=\/wp\/v2\/posts"}],"about":[{"href":"https:\/\/zonaroja.com.mx\/index.php?rest_route=\/wp\/v2\/types\/post"}],"author":[{"embeddable":true,"href":"https:\/\/zonaroja.com.mx\/index.php?rest_route=\/wp\/v2\/users\/2"}],"replies":[{"embeddable":true,"href":"https:\/\/zonaroja.com.mx\/index.php?rest_route=%2Fwp%2Fv2%2Fcomments&post=29303"}],"version-history":[{"count":1,"href":"https:\/\/zonaroja.com.mx\/index.php?rest_route=\/wp\/v2\/posts\/29303\/revisions"}],"predecessor-version":[{"id":29305,"href":"https:\/\/zonaroja.com.mx\/index.php?rest_route=\/wp\/v2\/posts\/29303\/revisions\/29305"}],"wp:featuredmedia":[{"embeddable":true,"href":"https:\/\/zonaroja.com.mx\/index.php?rest_route=\/wp\/v2\/media\/29304"}],"wp:attachment":[{"href":"https:\/\/zonaroja.com.mx\/index.php?rest_route=%2Fwp%2Fv2%2Fmedia&parent=29303"}],"wp:term":[{"taxonomy":"category","embeddable":true,"href":"https:\/\/zonaroja.com.mx\/index.php?rest_route=%2Fwp%2Fv2%2Fcategories&post=29303"},{"taxonomy":"post_tag","embeddable":true,"href":"https:\/\/zonaroja.com.mx\/index.php?rest_route=%2Fwp%2Fv2%2Ftags&post=29303"}],"curies":[{"name":"wp","href":"https:\/\/api.w.org\/{rel}","templated":true}]}}