{"id":29311,"date":"2021-07-03T16:46:29","date_gmt":"2021-07-03T21:46:29","guid":{"rendered":"http:\/\/www.zonaroja.com.mx\/?p=29311"},"modified":"2021-07-03T20:35:43","modified_gmt":"2021-07-04T01:35:43","slug":"liderazgos-deben-ser-femeninos-actos-machistas-se-van-a-desmantelar-lome","status":"publish","type":"post","link":"https:\/\/zonaroja.com.mx\/?p=29311","title":{"rendered":"Liderazgos deben ser femeninos; actos machistas se van a desmantelar: Lome"},"content":{"rendered":"\n<p>Evlin Arag\u00f3n\/Zona Roja.<\/p>\n\n\n\n<p>Oaxaca de Ju\u00e1rez, Oax., 3 de julio de 2021.- \u201cLos liderazgos deben ser femeninos, todo acto patriarcal y machista se va a desmantelar, ya no podemos vivir en esa cultura que reprime emociones y castiga la ternura\u201d.<\/p>\n\n\n\n<p>Son las palabras del escritor Emilio Lome, que este s\u00e1bado present\u00f3 su libro \u201cSe\u00f1ora de Feroz\u201d, con el respaldo del Grupo de Estudios sobre la Mujer \u201cRosario Castellanos\u201d, en un encuentro en el que indic\u00f3 hay que dejarse acompa\u00f1ar por lo femenino en estos nuevos tiempos.<\/p>\n\n\n\n<p>A manera de sanar el divorcio de sus padres y la propia separaci\u00f3n que tuvo con su esposa, el multipremiado escritor mexicano escribi\u00f3 el cuento infantil que aborda temas como el divorcio, el derecho de las mujeres a una vida libre de violencia y la necesidad de esta sociedad a masculinidades positivas.<\/p>\n\n\n\n<p>En este mismo sentido, mediante el lenguaje escrito, invita a los varones a dejar de lado el machismo y optar por masculinidades positivas para educar de manera diferente y lograr que existan m\u00e1s ni\u00f1as y ni\u00f1os ejerciendo su derecho a crecer libres de prejuicios de g\u00e9nero.<\/p>\n\n\n\n<p>El autor interactu\u00f3 con las y los presentes, con quienes incluso construy\u00f3 coplas a partir de sus nombres, ello previo a la presentaci\u00f3n de su texto que dijo est\u00e1 inspirado en la historia de Caperucita Roja, con un peque\u00f1o giro en el que expone una historia de amor entre ella y el lobo feroz.\u00a0<\/p>\n\n\n\n<figure class=\"wp-block-embed-twitter wp-block-embed is-type-rich is-provider-twitter\"><div class=\"wp-block-embed__wrapper\">\n<div class=\"twitter-tweet\"><blockquote class=\"twitter-tweet\" data-lang=\"es\"><p lang=\"es\" dir=\"ltr\">Gracias al equipo de <a href=\"https:\/\/twitter.com\/Zona_Roja_Oax?ref_src=twsrc%5Etfw\">@Zona_Roja_Oax<\/a> por captar un momento de la presentacionbde <a href=\"https:\/\/twitter.com\/hashtag\/Se%C3%B1oraDeFeroz?src=hash&amp;ref_src=twsrc%5Etfw\">#Se\u00f1oraDeFeroz<\/a> de <a href=\"https:\/\/twitter.com\/EmilioLome?ref_src=twsrc%5Etfw\">@EmilioLome<\/a> <a href=\"https:\/\/t.co\/M0GG92MXaq\">https:\/\/t.co\/M0GG92MXaq<\/a><\/p>&mdash; GESMujer (@GES_Mujer) <a href=\"https:\/\/twitter.com\/GES_Mujer\/status\/1411398223537782786?ref_src=twsrc%5Etfw\">3 de julio de 2021<\/a><\/blockquote><\/div>\n<\/div><\/figure>\n\n\n\n<p>La pandemia, la p\u00e9rdida de trabajo, la violencia dom\u00e9stica, el divorcio y los efectos que produce en los hijos y las nuevas actitudes que deben asumir los varones, son abordados en el cuento de Emilio Lome, quien asegura que el texto tiene la intenci\u00f3n de sanar los diferentes duelos de las y los lectores, principalmente de ni\u00f1as y ni\u00f1os.&nbsp;<\/p>\n\n\n\n<p>Al respecto, la presidenta del GES Mujer, Ang\u00e9lica Ayala Ortiz, indic\u00f3 que en estos momentos es fundamental acercar a las ni\u00f1as y ni\u00f1os textos que hablen de la igualdad, el respeto y la justicia como valores primordiales para una mejor sociedad, en donde se pueda erradicar la discriminaci\u00f3n de g\u00e9nero y la violencia.&nbsp;<\/p>\n\n\n\n<p>A la par que detall\u00f3 es necesario que los varones se involucren en la demanda de las mujeres de una vida libre de violencia, ya que la mayor\u00eda de las veces son estos quienes la ejercen, adem\u00e1s de comprometerse a construir relaciones entre iguales, sin que alguno se sienta superior a la otra.&nbsp;&nbsp;<\/p>\n\n\n\n<p>\u201cNos entusiasma ser parte de esta iniciativa que convoca, a trav\u00e9s de la lectura, a imaginar nuevas formas de relacionarnos entre las ni\u00f1as y los ni\u00f1os, las mujeres y los hombres, que de manera colaborativa nos permita crear una nueva sociedad, m\u00e1s igualitaria y consciente de nuestro gran poder transformador\u201d, dijo.&nbsp;<\/p>\n","protected":false},"excerpt":{"rendered":"<p>Evlin Arag\u00f3n\/Zona Roja. Oaxaca de Ju\u00e1rez, Oax., 3 de julio de 2021.- \u201cLos liderazgos deben&hellip;<\/p>\n","protected":false},"author":2,"featured_media":29312,"comment_status":"closed","ping_status":"open","sticky":false,"template":"","format":"standard","meta":{"_lmt_disableupdate":"","_lmt_disable":"","_jetpack_memberships_contains_paid_content":false,"footnotes":""},"categories":[109,46],"tags":[2778,2534],"class_list":["post-29311","post","type-post","status-publish","format-standard","has-post-thumbnail","hentry","category-minuto-a-minuto","category-zona-blanca","tag-emilio-lome","tag-grupo-de-estudios-sobre-la-mujer-rosario-castellanos-2"],"jetpack_featured_media_url":"https:\/\/zonaroja.com.mx\/wp-content\/uploads\/2021\/07\/Presentacion-libro-Emilio-Lome.jpg","jetpack_sharing_enabled":true,"_links":{"self":[{"href":"https:\/\/zonaroja.com.mx\/index.php?rest_route=\/wp\/v2\/posts\/29311","targetHints":{"allow":["GET"]}}],"collection":[{"href":"https:\/\/zonaroja.com.mx\/index.php?rest_route=\/wp\/v2\/posts"}],"about":[{"href":"https:\/\/zonaroja.com.mx\/index.php?rest_route=\/wp\/v2\/types\/post"}],"author":[{"embeddable":true,"href":"https:\/\/zonaroja.com.mx\/index.php?rest_route=\/wp\/v2\/users\/2"}],"replies":[{"embeddable":true,"href":"https:\/\/zonaroja.com.mx\/index.php?rest_route=%2Fwp%2Fv2%2Fcomments&post=29311"}],"version-history":[{"count":2,"href":"https:\/\/zonaroja.com.mx\/index.php?rest_route=\/wp\/v2\/posts\/29311\/revisions"}],"predecessor-version":[{"id":29324,"href":"https:\/\/zonaroja.com.mx\/index.php?rest_route=\/wp\/v2\/posts\/29311\/revisions\/29324"}],"wp:featuredmedia":[{"embeddable":true,"href":"https:\/\/zonaroja.com.mx\/index.php?rest_route=\/wp\/v2\/media\/29312"}],"wp:attachment":[{"href":"https:\/\/zonaroja.com.mx\/index.php?rest_route=%2Fwp%2Fv2%2Fmedia&parent=29311"}],"wp:term":[{"taxonomy":"category","embeddable":true,"href":"https:\/\/zonaroja.com.mx\/index.php?rest_route=%2Fwp%2Fv2%2Fcategories&post=29311"},{"taxonomy":"post_tag","embeddable":true,"href":"https:\/\/zonaroja.com.mx\/index.php?rest_route=%2Fwp%2Fv2%2Ftags&post=29311"}],"curies":[{"name":"wp","href":"https:\/\/api.w.org\/{rel}","templated":true}]}}