{"id":29315,"date":"2021-07-03T16:48:11","date_gmt":"2021-07-03T21:48:11","guid":{"rendered":"http:\/\/www.zonaroja.com.mx\/?p=29315"},"modified":"2021-07-03T16:48:13","modified_gmt":"2021-07-03T21:48:13","slug":"se-suman-legisladoras-al-exhorto-para-que-dejen-de-intimidar-a-jueza-oaxaquena","status":"publish","type":"post","link":"https:\/\/zonaroja.com.mx\/?p=29315","title":{"rendered":"Se suman legisladoras al exhorto para que dejen de intimidar a jueza oaxaque\u00f1a"},"content":{"rendered":"\n<p>Evlin Arag\u00f3n\/Zona Roja.<\/p>\n\n\n\n<p>Oaxaca de Ju\u00e1rez, Oax., 3 de julio de 2021.- Las diputadas Elisa Zepeda Lagunas y Magaly L\u00f3pez Dom\u00ednguez, se sumaron al exhorto al titular del Poder Ejecutivo para que se abstenga de realizar acciones intimidatorias en contra de Erika Mar\u00eda Rodr\u00edguez Rodr\u00edguez en la exigencia de sus derechos humano y a la paridad de g\u00e9nero.&nbsp;<\/p>\n\n\n\n<p>Lo anterior mediante un Punto de Acuerdo en el que explicaron que la actual jueza particip\u00f3 en el proceso de selecci\u00f3n para ocupar la vacante de magistratura del Tribunal Superior de Justicia del Estado de Oaxaca; sin embargo, el gobernador de Oaxaca, Alejandro Murat Hinojosa, de forma discrecional design\u00f3 a dos hombres para ocupar las vacantes de Magistraturas.&nbsp;<\/p>\n\n\n\n<p>Ello a pesar de tener la obligaci\u00f3n de incorporar la perspectiva de g\u00e9nero en todo el proceso de designaci\u00f3n, debido a la reforma constitucional conocida como \u00abParidad en Todo\u00bb, aprobada en el mes de junio del a\u00f1o 2019.<\/p>\n\n\n\n<p>Ambas legisladoras, explicaron que la jueza inici\u00f3 una batalla legal que permiti\u00f3, en un primer momento, suspender en las funciones del cargo a los magistrados nombrados por el gobernador.<\/p>\n\n\n\n<p>No obstante, el Tribunal Colegiado en Materias Civil y Administrativa dej\u00f3 sin efecto la suspensi\u00f3n provisional luego de la inconformidad de consejero jur\u00eddico del Ejecutivo.&nbsp;<\/p>\n\n\n\n<p>A partir de la defensa legal que ha emprendido, Erika Mar\u00eda Rodr\u00edguez est\u00e1 siendo investigada penalmente alegando una ventaja procesal indebida, acto que se interpreta como una forma de intimidaci\u00f3n y persecuci\u00f3n, con la intenci\u00f3n de generar un miedo y desaliento de continuar con su lucha.&nbsp;<\/p>\n\n\n\n<p>\u201cEsto es grave en un contexto en el que hist\u00f3ricamente, las mujeres hemos sido privadas de nuestros derechos humanos, oblig\u00e1ndonos socialmente a callar y no alzar la voz ante las atropellos y violencia estructural de la que hemos sido objeto\u201d, refirieron en el documento emitido.&nbsp;<\/p>\n\n\n\n<p>En este mismo sentido indicaron que, aunque parezca irreal, en la sociedad siguen predominando los estereotipos de g\u00e9nero y sigue siendo una cultura de desigualdad la que impulsa las decisiones de qui\u00e9nes deben ocupar los espacios p\u00fablicos de decisi\u00f3n; adem\u00e1s de la persecuci\u00f3n y castigo que se les da por alzar la voz.<\/p>\n\n\n\n<p>Finalmente recordaron que, en M\u00e9xico, la paridad de g\u00e9nero es un principio constitucional que se refiere a la participaci\u00f3n equilibrada, justa, y legal, que asegura que al igual que los hombres, las mujeres en toda su diversidad tengan una participaci\u00f3n y representaci\u00f3n igualitaria en la vida democr\u00e1tica.<\/p>\n\n\n\n<p>As\u00ed mismo que, de acuerdo con la Convenci\u00f3n para la Eliminaci\u00f3n todas las formas de Discriminaci\u00f3n contra la Mujer (CEDAW) el Estado tiene la obligaci\u00f3n de tomar todas las medidas apropiadas para garantizar a la mujer la oportunidad de participar en la vida p\u00fablica, la pol\u00edtica y representar a su gobierno.<\/p>\n","protected":false},"excerpt":{"rendered":"<p>Evlin Arag\u00f3n\/Zona Roja. Oaxaca de Ju\u00e1rez, Oax., 3 de julio de 2021.- Las diputadas Elisa&hellip;<\/p>\n","protected":false},"author":2,"featured_media":29297,"comment_status":"closed","ping_status":"open","sticky":false,"template":"","format":"standard","meta":{"_lmt_disableupdate":"","_lmt_disable":"","_jetpack_memberships_contains_paid_content":false,"footnotes":""},"categories":[109,46],"tags":[192],"class_list":["post-29315","post","type-post","status-publish","format-standard","has-post-thumbnail","hentry","category-minuto-a-minuto","category-zona-blanca","tag-diputada-magaly-lopez-dominguez"],"jetpack_featured_media_url":"https:\/\/zonaroja.com.mx\/wp-content\/uploads\/2021\/07\/Magaly-Lopez-2.jpg","jetpack_sharing_enabled":true,"_links":{"self":[{"href":"https:\/\/zonaroja.com.mx\/index.php?rest_route=\/wp\/v2\/posts\/29315","targetHints":{"allow":["GET"]}}],"collection":[{"href":"https:\/\/zonaroja.com.mx\/index.php?rest_route=\/wp\/v2\/posts"}],"about":[{"href":"https:\/\/zonaroja.com.mx\/index.php?rest_route=\/wp\/v2\/types\/post"}],"author":[{"embeddable":true,"href":"https:\/\/zonaroja.com.mx\/index.php?rest_route=\/wp\/v2\/users\/2"}],"replies":[{"embeddable":true,"href":"https:\/\/zonaroja.com.mx\/index.php?rest_route=%2Fwp%2Fv2%2Fcomments&post=29315"}],"version-history":[{"count":1,"href":"https:\/\/zonaroja.com.mx\/index.php?rest_route=\/wp\/v2\/posts\/29315\/revisions"}],"predecessor-version":[{"id":29316,"href":"https:\/\/zonaroja.com.mx\/index.php?rest_route=\/wp\/v2\/posts\/29315\/revisions\/29316"}],"wp:featuredmedia":[{"embeddable":true,"href":"https:\/\/zonaroja.com.mx\/index.php?rest_route=\/wp\/v2\/media\/29297"}],"wp:attachment":[{"href":"https:\/\/zonaroja.com.mx\/index.php?rest_route=%2Fwp%2Fv2%2Fmedia&parent=29315"}],"wp:term":[{"taxonomy":"category","embeddable":true,"href":"https:\/\/zonaroja.com.mx\/index.php?rest_route=%2Fwp%2Fv2%2Fcategories&post=29315"},{"taxonomy":"post_tag","embeddable":true,"href":"https:\/\/zonaroja.com.mx\/index.php?rest_route=%2Fwp%2Fv2%2Ftags&post=29315"}],"curies":[{"name":"wp","href":"https:\/\/api.w.org\/{rel}","templated":true}]}}