{"id":29317,"date":"2021-07-03T17:02:45","date_gmt":"2021-07-03T22:02:45","guid":{"rendered":"http:\/\/www.zonaroja.com.mx\/?p=29317"},"modified":"2021-07-03T17:02:48","modified_gmt":"2021-07-03T22:02:48","slug":"identifican-a-las-cuatro-personas-fallecidas-en-accidente-vial-en-oaxaca","status":"publish","type":"post","link":"https:\/\/zonaroja.com.mx\/?p=29317","title":{"rendered":"Identifican a las cuatro personas fallecidas en accidente vial en Oaxaca"},"content":{"rendered":"\n<p>Redacci\u00f3n\/Zona Roja.<\/p>\n\n\n\n<p>Oaxaca de Ju\u00e1rez, Oax., 3 de julio de 2021.- Como Itzel L., de 30 a\u00f1os de edad; Filiberto Garc\u00eda, de 59 a\u00f1os; Israel P\u00e9rez, de 44 a\u00f1os, y Ruperto Sosa, de 27 a\u00f1os de edad, este \u00faltimo hermano del edil electo de San Pedro Huamelula, fueron identificadas las cuatro personas que perdieron la vida hoy a causa de un accidente carretero.<\/p>\n\n\n\n<p>El percance se suscit\u00f3 la ma\u00f1ana de este s\u00e1bado en la carretera federal 200 Salina Cruz-Pinotepa, tramo Salina Cruz-Santiago Astata, a la altura del paraje \u201cLa Blanca\u201d de la comunidad de Garrapatero.<\/p>\n\n\n\n<p>Se trata de un autob\u00fas de la l\u00ednea Omnib\u00fas Crist\u00f3bal Col\u00f3n (OCC) y una camioneta marca Nissa, tipo Frontier de color roja, que se impactaron; hasta el momento no se ha determinado cual conductor fue el responsable.<\/p>\n\n\n\n<p>Personal de la Vicefiscal\u00eda Regional de la Costa y de vialidad federal y estatal, iniciaron las indagatorias correspondientes con la finalidad de deslindar responsabilidades.<\/p>\n","protected":false},"excerpt":{"rendered":"<p>Redacci\u00f3n\/Zona Roja. Oaxaca de Ju\u00e1rez, Oax., 3 de julio de 2021.- Como Itzel L., de&hellip;<\/p>\n","protected":false},"author":2,"featured_media":29318,"comment_status":"closed","ping_status":"open","sticky":false,"template":"","format":"standard","meta":{"_lmt_disableupdate":"","_lmt_disable":"","_jetpack_memberships_contains_paid_content":false,"footnotes":""},"categories":[109,51],"tags":[1769],"class_list":["post-29317","post","type-post","status-publish","format-standard","has-post-thumbnail","hentry","category-minuto-a-minuto","category-zona-roja","tag-san-pedro-huamelula"],"jetpack_featured_media_url":"https:\/\/zonaroja.com.mx\/wp-content\/uploads\/2021\/07\/Accidente-carretero-Huamelula.jpg","jetpack_sharing_enabled":true,"_links":{"self":[{"href":"https:\/\/zonaroja.com.mx\/index.php?rest_route=\/wp\/v2\/posts\/29317","targetHints":{"allow":["GET"]}}],"collection":[{"href":"https:\/\/zonaroja.com.mx\/index.php?rest_route=\/wp\/v2\/posts"}],"about":[{"href":"https:\/\/zonaroja.com.mx\/index.php?rest_route=\/wp\/v2\/types\/post"}],"author":[{"embeddable":true,"href":"https:\/\/zonaroja.com.mx\/index.php?rest_route=\/wp\/v2\/users\/2"}],"replies":[{"embeddable":true,"href":"https:\/\/zonaroja.com.mx\/index.php?rest_route=%2Fwp%2Fv2%2Fcomments&post=29317"}],"version-history":[{"count":1,"href":"https:\/\/zonaroja.com.mx\/index.php?rest_route=\/wp\/v2\/posts\/29317\/revisions"}],"predecessor-version":[{"id":29319,"href":"https:\/\/zonaroja.com.mx\/index.php?rest_route=\/wp\/v2\/posts\/29317\/revisions\/29319"}],"wp:featuredmedia":[{"embeddable":true,"href":"https:\/\/zonaroja.com.mx\/index.php?rest_route=\/wp\/v2\/media\/29318"}],"wp:attachment":[{"href":"https:\/\/zonaroja.com.mx\/index.php?rest_route=%2Fwp%2Fv2%2Fmedia&parent=29317"}],"wp:term":[{"taxonomy":"category","embeddable":true,"href":"https:\/\/zonaroja.com.mx\/index.php?rest_route=%2Fwp%2Fv2%2Fcategories&post=29317"},{"taxonomy":"post_tag","embeddable":true,"href":"https:\/\/zonaroja.com.mx\/index.php?rest_route=%2Fwp%2Fv2%2Ftags&post=29317"}],"curies":[{"name":"wp","href":"https:\/\/api.w.org\/{rel}","templated":true}]}}