{"id":2932,"date":"2019-08-09T09:07:00","date_gmt":"2019-08-09T14:07:00","guid":{"rendered":"http:\/\/www.zonaroja.com.mx\/?p=2932"},"modified":"2019-08-09T07:05:31","modified_gmt":"2019-08-09T12:05:31","slug":"propuesto-para-magistrado-del-tja-sin-preparacion-y-en-conflicto-de-interes","status":"publish","type":"post","link":"https:\/\/zonaroja.com.mx\/?p=2932","title":{"rendered":"Propuesto para magistrado del TJA, sin preparaci\u00f3n y en conflicto de inter\u00e9s"},"content":{"rendered":"\n<p>Redacci\u00f3n\/Zona\nRoja.<\/p>\n\n\n\n<p>Oaxaca de\nJu\u00e1rez, Oax., 8 de agosto de 2019.- Ra\u00fal Palomares Palomino, propuesta del\ngobernador Alejandro Murat Hinojosa para magistrado del Tribunal de Justicia\nAdministrativa (TJA), desconoce la perspectiva de g\u00e9nero y podr\u00eda entrar en\nconflicto de inter\u00e9s, por su cercan\u00eda con el mandatario estatal.<\/p>\n\n\n\n<p>Este jueves,\nla Comisi\u00f3n de Administraci\u00f3n y Procuraci\u00f3n de Justicia de la 64 Legislatura\ndel Congreso local cit\u00f3 a comparecencia al postulado, como parte del proceso de\nintegraci\u00f3n del dictamen que se prev\u00e9 presentar en pr\u00f3ximas fechas al pleno.<\/p>\n\n\n\n<p>Sin embargo,\ndurante la comparecencia, la propuesta del Ejecutivo estatal fue cuestionada\nsobre su designaci\u00f3n, el posible conflicto de inter\u00e9s que pudiera representar\nsu cercan\u00eda con Murat Hinojosa y sus conocimientos en materia de perspectiva de\ng\u00e9nero.<\/p>\n\n\n\n<p>Elisa Zepeda\nLagunas, diputada presidenta de la Comisi\u00f3n, se\u00f1al\u00f3 que dicho acto corresponde\na lo establecido por la Constituci\u00f3n y representa uno de pasos en la\nconstrucci\u00f3n del dictamen que al interior de la comisi\u00f3n se elaborar\u00e1, para\nluego ser presentado ante el pleno legislativo. <\/p>\n\n\n\n<p>\u201cA partir de\nlo aqu\u00ed expuesto las y los&nbsp; integrantes\nde la Comisi\u00f3n de Justicia trabajaremos el dictamen que ser\u00e1 presentado al pleno,\nen ello plasmaremos las observaciones correspondientes\u201d, se\u00f1al\u00f3 Zepeda Lagunas.<\/p>\n\n\n\n<p>La\nperspectiva de g\u00e9nero fue uno de los asuntos explorados por la comisi\u00f3n,\nsituaci\u00f3n que fue abordada por Palomares Palomino como un recurso impl\u00edcito en\nla impartici\u00f3n de justicia: \u201cLa Ley no discrimina a nadie, da trato igual a\nhombres y mujeres\u201d, dicha respuesta fue refutada por la Legisladora Elisa\nZepeda quien explic\u00f3 la importancia de este recurso.<\/p>\n\n\n\n<p>\u201cLa\nperspectiva de g\u00e9nero nos permite aminorar las desigualdades hist\u00f3ricas entre\nmujeres y hombres que tiene repercusiones en los procesos de impartici\u00f3n de\njusticia, este recurso es necesario para sus labores y debo decirle que hoy\nesper\u00e1bamos a una mujer como magistrada\u201d, expres\u00f3.<\/p>\n\n\n\n<p>Luego de\nesta comparecencia, la comisi\u00f3n integrada por cinco de los 42 legisladores proceder\u00e1\na la elaboraci\u00f3n del dictamen correspondiente para someter a votaci\u00f3n de todo\nel Pleno Legislativo la ratificaci\u00f3n de la designaci\u00f3n hecha por Murat\nHinojosa.<\/p>\n\n\n\n<p>Durante la\ncomparecencia tambi\u00e9n estuvieron presentes la legisladora de Morena, Magaly\nL\u00f3pez Dom\u00ednguez, y el diputado del Partido Revolucionario Institucional (PRI),\nJorge Octavio Villaca\u00f1a, quienes integran la Comisi\u00f3n de Administraci\u00f3n y\nProcuraci\u00f3n de Justicia.<\/p>\n","protected":false},"excerpt":{"rendered":"<p>Redacci\u00f3n\/Zona Roja. Oaxaca de Ju\u00e1rez, Oax., 8 de agosto de 2019.- Ra\u00fal Palomares Palomino, propuesta&hellip;<\/p>\n","protected":false},"author":2,"featured_media":2933,"comment_status":"closed","ping_status":"open","sticky":false,"template":"","format":"standard","meta":{"_lmt_disableupdate":"","_lmt_disable":"","_jetpack_memberships_contains_paid_content":false,"footnotes":""},"categories":[109,47],"tags":[512],"class_list":["post-2932","post","type-post","status-publish","format-standard","has-post-thumbnail","hentry","category-minuto-a-minuto","category-zona-gris","tag-magistrado-tribunal-de-justicia-administrativa"],"jetpack_featured_media_url":"https:\/\/zonaroja.com.mx\/wp-content\/uploads\/2019\/08\/Comparecencia-TJA.jpeg","jetpack_sharing_enabled":true,"_links":{"self":[{"href":"https:\/\/zonaroja.com.mx\/index.php?rest_route=\/wp\/v2\/posts\/2932","targetHints":{"allow":["GET"]}}],"collection":[{"href":"https:\/\/zonaroja.com.mx\/index.php?rest_route=\/wp\/v2\/posts"}],"about":[{"href":"https:\/\/zonaroja.com.mx\/index.php?rest_route=\/wp\/v2\/types\/post"}],"author":[{"embeddable":true,"href":"https:\/\/zonaroja.com.mx\/index.php?rest_route=\/wp\/v2\/users\/2"}],"replies":[{"embeddable":true,"href":"https:\/\/zonaroja.com.mx\/index.php?rest_route=%2Fwp%2Fv2%2Fcomments&post=2932"}],"version-history":[{"count":1,"href":"https:\/\/zonaroja.com.mx\/index.php?rest_route=\/wp\/v2\/posts\/2932\/revisions"}],"predecessor-version":[{"id":2934,"href":"https:\/\/zonaroja.com.mx\/index.php?rest_route=\/wp\/v2\/posts\/2932\/revisions\/2934"}],"wp:featuredmedia":[{"embeddable":true,"href":"https:\/\/zonaroja.com.mx\/index.php?rest_route=\/wp\/v2\/media\/2933"}],"wp:attachment":[{"href":"https:\/\/zonaroja.com.mx\/index.php?rest_route=%2Fwp%2Fv2%2Fmedia&parent=2932"}],"wp:term":[{"taxonomy":"category","embeddable":true,"href":"https:\/\/zonaroja.com.mx\/index.php?rest_route=%2Fwp%2Fv2%2Fcategories&post=2932"},{"taxonomy":"post_tag","embeddable":true,"href":"https:\/\/zonaroja.com.mx\/index.php?rest_route=%2Fwp%2Fv2%2Ftags&post=2932"}],"curies":[{"name":"wp","href":"https:\/\/api.w.org\/{rel}","templated":true}]}}