{"id":29320,"date":"2021-07-03T20:31:18","date_gmt":"2021-07-04T01:31:18","guid":{"rendered":"http:\/\/www.zonaroja.com.mx\/?p=29320"},"modified":"2021-07-03T20:31:20","modified_gmt":"2021-07-04T01:31:20","slug":"ante-desatencion-del-issste-despedidos-buscan-apoyo-de-la-seccion-22","status":"publish","type":"post","link":"https:\/\/zonaroja.com.mx\/?p=29320","title":{"rendered":"Ante desatenci\u00f3n del ISSSTE, despedidos buscan apoyo de la Secci\u00f3n 22"},"content":{"rendered":"\n<p>Ismael Garc\u00eda M.\/Zona Roja.<\/p>\n\n\n\n<p>Oaxaca de Ju\u00e1rez, Oax., 3 de julio de 2021.- Ante la desatenci\u00f3n del director del ISSSTE, Luis Antonio Ram\u00edrez Pineda, por segundo d\u00eda, personal despedido del ISSSTE demand\u00f3 hoy al gobierno federal recontrataci\u00f3n para m\u00e1s de 100 trabajadores.<\/p>\n\n\n\n<p>Ahora acudieron al llamado Hotel del Magisterio, donde la Secci\u00f3n 22 realiz\u00f3 su Asamblea Estatal, con la finalidad de solicitar el respaldo de los docentes, que son los principales derechohabientes de la instituci\u00f3n m\u00e9dica.<\/p>\n\n\n\n<p>De acuerdo con Montserrat del Carmen Montesinos Mijangos, no se trata de ninguna protesta, sino de exigir que, como lo ha pregonado el Presidente Andr\u00e9s Manuel L\u00f3pez Obrador, sean recontratados.<\/p>\n\n\n\n<p>Recordaron que alrededor de 125 m\u00e9dicos, enfermeras y camilleros fueron notificados el pasado 30 de junio, que el hospital \u201cPresidente Ju\u00e1rez\u201d del ISSSTE ya no requerir\u00eda sus servicios, por lo cual ya no los recontratar\u00eda.<\/p>\n\n\n\n<p>Expusieron que ellos estaban a cargo de atender a los pacientes por Covid-19 pero seg\u00fan el gobierno federal, los casos ya descendieron, por lo cual ya no requieren de ellos.<\/p>\n\n\n\n<p>Ayer, una oficina del ISSSTE en la ciudad de M\u00e9xico desminti\u00f3 que haya personal despedido; sin embargo, los afectados recalcaron hoy que es una realidad y lamentaron el desconocimiento de Ram\u00edrez Pineda sobre el tema.<\/p>\n\n\n\n<figure class=\"wp-block-embed-twitter wp-block-embed is-type-rich is-provider-twitter\"><div class=\"wp-block-embed__wrapper\">\n<div class=\"twitter-tweet\"><blockquote class=\"twitter-tweet\" data-lang=\"es\"><p lang=\"es\" dir=\"ltr\"><a href=\"https:\/\/twitter.com\/hashtag\/%C3%9AltimoMinuto?src=hash&amp;ref_src=twsrc%5Etfw\">#\u00daltimoMinuto<\/a> <br>Desmienten al <a href=\"https:\/\/twitter.com\/ISSSTE_mx?ref_src=twsrc%5Etfw\">@ISSSTE_mx<\/a> y a su director <a href=\"https:\/\/twitter.com\/LuisAntoRamirez?ref_src=twsrc%5Etfw\">@LuisAntoRamirez<\/a>; de nuevo trabajadores del hospital \u201cPresidente Ju\u00e1rez\u201d de la capital de Oaxaca denuncian despidos.<br>Piden el respaldo de la Secci\u00f3n 22 del SNTE y acuden a Asamblea Estatal. <a href=\"https:\/\/t.co\/AFqbA3HQYm\">pic.twitter.com\/AFqbA3HQYm<\/a><\/p>&mdash; Zona Roja Oaxaca (@Zona_Roja_Oax) <a href=\"https:\/\/twitter.com\/Zona_Roja_Oax\/status\/1411421470958436354?ref_src=twsrc%5Etfw\">3 de julio de 2021<\/a><\/blockquote><\/div>\n<\/div><\/figure>\n\n\n\n<p>DIRECTOR-CANDIDATO<\/p>\n\n\n\n<p>Por otra parte, diversos sectores sociales criticaron al director general del ISSSTE, Luis Antonio Ram\u00edrez Pineda, por iniciar ayer giras proselitistas por Oaxaca, con la intenci\u00f3n de ser candidato a gobernador, por el PRI del cual es militante, o por el Partido Morena.<\/p>\n\n\n\n<p>Recriminaron que su principal operador sea su padre, el ex gobernador Heladio Ram\u00edrez L\u00f3pez, quien desde hace mucho se retir\u00f3 de la pol\u00edtica y del Partido Revolucionario Institucional y por lo tanto no tiene ning\u00fan respaldo de la militancia.<\/p>\n\n\n\n<p>Destacaron que el pasado domingo, el ex mandatario convoc\u00f3 a una reuni\u00f3n partidista en Huajuapan de Le\u00f3n para buscar apoyo para su hijo, pero s\u00f3lo llegaron viejos priistas sin ascendencia, como Arturo Baz\u00e1n Morales, Roberto Garay Gonz\u00e1lez, Jos\u00e9 Herrera L\u00f3pez y Javier Jim\u00e9nez Herrera, entre otros.<\/p>\n\n\n\n<p>A\u00f1adieron que con ello, la elecci\u00f3n del candidato de Morena se complica, si es que Luis Antonio Ram\u00edrez busca la nominaci\u00f3n por ese partido, pues ahora tambi\u00e9n Adelfo Regino Montes, director del Instituto Nacional de Pueblos Ind\u00edgenas, ya recibi\u00f3 el respaldo del diputado federal Benjam\u00edn Robles Montoya, quien dijo que le dar\u00e1 todo el apoyo.<\/p>\n","protected":false},"excerpt":{"rendered":"<p>Ismael Garc\u00eda M.\/Zona Roja. Oaxaca de Ju\u00e1rez, Oax., 3 de julio de 2021.- Ante la&hellip;<\/p>\n","protected":false},"author":2,"featured_media":29321,"comment_status":"closed","ping_status":"open","sticky":false,"template":"","format":"standard","meta":{"_lmt_disableupdate":"","_lmt_disable":"","_jetpack_memberships_contains_paid_content":false,"footnotes":""},"categories":[109,47],"tags":[2775],"class_list":["post-29320","post","type-post","status-publish","format-standard","has-post-thumbnail","hentry","category-minuto-a-minuto","category-zona-gris","tag-luis-antonio-ramirez-pineda"],"jetpack_featured_media_url":"https:\/\/zonaroja.com.mx\/wp-content\/uploads\/2021\/07\/Protesta-despedidos-ISSSTE.jpg","jetpack_sharing_enabled":true,"_links":{"self":[{"href":"https:\/\/zonaroja.com.mx\/index.php?rest_route=\/wp\/v2\/posts\/29320","targetHints":{"allow":["GET"]}}],"collection":[{"href":"https:\/\/zonaroja.com.mx\/index.php?rest_route=\/wp\/v2\/posts"}],"about":[{"href":"https:\/\/zonaroja.com.mx\/index.php?rest_route=\/wp\/v2\/types\/post"}],"author":[{"embeddable":true,"href":"https:\/\/zonaroja.com.mx\/index.php?rest_route=\/wp\/v2\/users\/2"}],"replies":[{"embeddable":true,"href":"https:\/\/zonaroja.com.mx\/index.php?rest_route=%2Fwp%2Fv2%2Fcomments&post=29320"}],"version-history":[{"count":1,"href":"https:\/\/zonaroja.com.mx\/index.php?rest_route=\/wp\/v2\/posts\/29320\/revisions"}],"predecessor-version":[{"id":29322,"href":"https:\/\/zonaroja.com.mx\/index.php?rest_route=\/wp\/v2\/posts\/29320\/revisions\/29322"}],"wp:featuredmedia":[{"embeddable":true,"href":"https:\/\/zonaroja.com.mx\/index.php?rest_route=\/wp\/v2\/media\/29321"}],"wp:attachment":[{"href":"https:\/\/zonaroja.com.mx\/index.php?rest_route=%2Fwp%2Fv2%2Fmedia&parent=29320"}],"wp:term":[{"taxonomy":"category","embeddable":true,"href":"https:\/\/zonaroja.com.mx\/index.php?rest_route=%2Fwp%2Fv2%2Fcategories&post=29320"},{"taxonomy":"post_tag","embeddable":true,"href":"https:\/\/zonaroja.com.mx\/index.php?rest_route=%2Fwp%2Fv2%2Ftags&post=29320"}],"curies":[{"name":"wp","href":"https:\/\/api.w.org\/{rel}","templated":true}]}}