{"id":29325,"date":"2021-07-03T21:02:35","date_gmt":"2021-07-04T02:02:35","guid":{"rendered":"http:\/\/www.zonaroja.com.mx\/?p=29325"},"modified":"2021-07-03T21:02:37","modified_gmt":"2021-07-04T02:02:37","slug":"identifican-a-individuo-asesinado-este-sabado-en-juchitan-oaxaca","status":"publish","type":"post","link":"https:\/\/zonaroja.com.mx\/?p=29325","title":{"rendered":"Identifican a individuo asesinado este s\u00e1bado en Juchit\u00e1n, Oaxaca"},"content":{"rendered":"\n<p>Redacci\u00f3n\/Zona Roja.<\/p>\n\n\n\n<p>Oaxaca de Ju\u00e1rez, Oax., 3 de julio de 2021.- Como Jes\u00fas Antonio Aquino Villalobos, alias \u201cEl Ceviche\u201d, fue identificado el individuo asesinado este s\u00e1bado en Juchit\u00e1n de Zaragoza, Oaxaca.<\/p>\n\n\n\n<p>El cuerpo fue hallado por la ma\u00f1ana con el rostro desfigurado, a un costado de un camino local, en la calle Libertad de la S\u00e9ptima Secci\u00f3n.<\/p>\n\n\n\n<p>Vest\u00eda una sudadera color azul marino, tenis color arena y pantal\u00f3n de mezclilla; seg\u00fan las primeras indagatorias, ten\u00eda su domicilio en el callej\u00f3n Heliodoro Charis Castro de la Novena Secci\u00f3n.<\/p>\n\n\n\n<p>La Vicefiscal\u00eda Regional del Istmo inici\u00f3 las indagatorias y a\u00fan se desconoce qui\u00e9n o qui\u00e9nes son los responsables del homicidio.<\/p>\n","protected":false},"excerpt":{"rendered":"<p>Redacci\u00f3n\/Zona Roja. Oaxaca de Ju\u00e1rez, Oax., 3 de julio de 2021.- Como Jes\u00fas Antonio Aquino&hellip;<\/p>\n","protected":false},"author":2,"featured_media":29326,"comment_status":"closed","ping_status":"open","sticky":false,"template":"","format":"standard","meta":{"_lmt_disableupdate":"","_lmt_disable":"","_jetpack_memberships_contains_paid_content":false,"footnotes":""},"categories":[109,51],"tags":[123],"class_list":["post-29325","post","type-post","status-publish","format-standard","has-post-thumbnail","hentry","category-minuto-a-minuto","category-zona-roja","tag-juchitan-de-zaragoza"],"jetpack_featured_media_url":"https:\/\/zonaroja.com.mx\/wp-content\/uploads\/2021\/07\/Asesinado-Juchitan.jpg","jetpack_sharing_enabled":true,"_links":{"self":[{"href":"https:\/\/zonaroja.com.mx\/index.php?rest_route=\/wp\/v2\/posts\/29325","targetHints":{"allow":["GET"]}}],"collection":[{"href":"https:\/\/zonaroja.com.mx\/index.php?rest_route=\/wp\/v2\/posts"}],"about":[{"href":"https:\/\/zonaroja.com.mx\/index.php?rest_route=\/wp\/v2\/types\/post"}],"author":[{"embeddable":true,"href":"https:\/\/zonaroja.com.mx\/index.php?rest_route=\/wp\/v2\/users\/2"}],"replies":[{"embeddable":true,"href":"https:\/\/zonaroja.com.mx\/index.php?rest_route=%2Fwp%2Fv2%2Fcomments&post=29325"}],"version-history":[{"count":1,"href":"https:\/\/zonaroja.com.mx\/index.php?rest_route=\/wp\/v2\/posts\/29325\/revisions"}],"predecessor-version":[{"id":29327,"href":"https:\/\/zonaroja.com.mx\/index.php?rest_route=\/wp\/v2\/posts\/29325\/revisions\/29327"}],"wp:featuredmedia":[{"embeddable":true,"href":"https:\/\/zonaroja.com.mx\/index.php?rest_route=\/wp\/v2\/media\/29326"}],"wp:attachment":[{"href":"https:\/\/zonaroja.com.mx\/index.php?rest_route=%2Fwp%2Fv2%2Fmedia&parent=29325"}],"wp:term":[{"taxonomy":"category","embeddable":true,"href":"https:\/\/zonaroja.com.mx\/index.php?rest_route=%2Fwp%2Fv2%2Fcategories&post=29325"},{"taxonomy":"post_tag","embeddable":true,"href":"https:\/\/zonaroja.com.mx\/index.php?rest_route=%2Fwp%2Fv2%2Ftags&post=29325"}],"curies":[{"name":"wp","href":"https:\/\/api.w.org\/{rel}","templated":true}]}}