{"id":29333,"date":"2021-07-04T07:37:05","date_gmt":"2021-07-04T12:37:05","guid":{"rendered":"http:\/\/www.zonaroja.com.mx\/?p=29333"},"modified":"2021-07-04T07:37:08","modified_gmt":"2021-07-04T12:37:08","slug":"tras-resolucion-de-la-onu-fiscalia-de-oaxaca-debe-reabrir-caso-de-joven-desaparecido","status":"publish","type":"post","link":"https:\/\/zonaroja.com.mx\/?p=29333","title":{"rendered":"Tras resoluci\u00f3n de la ONU, fiscal\u00eda de Oaxaca debe reabrir caso de joven desaparecido"},"content":{"rendered":"\n<p>Redacci\u00f3n\/Zona Roja Cdmx.<\/p>\n\n\n\n<p>Ciudad de M\u00e9xico, 4 de julio de 2021.- En cumplimiento a una resoluci\u00f3n del Comit\u00e9 de Derechos Humanos de la Organizaci\u00f3n de Naciones Unidas (ONU), la Fiscal\u00eda General de Oaxaca debe rencauzar la indagatoria sobre la desaparici\u00f3n del joven estudiante Israel Moreno P\u00e9rez, a quien se le vio por \u00faltima vez hace 10 a\u00f1os, el 8 de julio de 2011, en Chacahua, costa del Pac\u00edfico.<\/p>\n\n\n\n<p>Tendr\u00e1 que partir de una supuesta resoluci\u00f3n de la procuradur\u00eda estatal que entonces encabezaba Jes\u00fas L\u00f3pez L\u00f3pez, quien dio por cerrado el caso en 2012.<\/p>\n\n\n\n<p>La resoluci\u00f3n de la averiguaci\u00f3n previa con la que se pretendi\u00f3 dar carpetazo a la desaparici\u00f3n de Israel, de 19 a\u00f1os en ese entonces, est\u00e1 basada en lo que se llam\u00f3 en los expedientes autopsia verbal, sin cuerpo; en la alusi\u00f3n de una gota hem\u00e1tica recogida en una lancha que nunca se present\u00f3 y un dictamen basado en peritajes de criminal\u00edstica que, seg\u00fan constat\u00f3 la Defensor\u00eda de los Derechos Humanos del Pueblo de Oaxaca en su momento, se realizaron en fecha posterior.<\/p>\n\n\n\n<p>INCULPADOS POR TORTURAS<\/p>\n\n\n\n<p>Aunado a estas aberraciones procesales, desde 2012 est\u00e1n presos en un penal de Oaxaca tres declarados como responsables \u2013Javier Rodr\u00edguez Pe\u00f1a, Honorio Corcuera y Margarito Gonz\u00e1lez\u2013 \u00fanicamente con base en declaraciones autoinculpatorias. A los tres se les aplic\u00f3 el Estatuto de Estambul y dieron positivo a torturas.<\/p>\n\n\n\n<p>Se\u00f1alan como autor de las torturas al agente asignado a la investigaci\u00f3n, Luis V\u00e1zquez Mart\u00ednez, tambi\u00e9n demandado por Carlos Moreno por amenazas de muerte para obligarlo a retirarse de la constante cercan\u00eda que ha mantenido en el desarrollo de las investigaciones sobre la desaparici\u00f3n de su hijo.<\/p>\n\n\n\n<p>Esto ocurri\u00f3 durante la administraci\u00f3n del gobernador Gabino Cu\u00e9, con Jes\u00fas L\u00f3pez como procurador estatal (hoy es magistrado del Tribunal Superior). Varios funcionarios, entre ellos el ex procurador, el agente V\u00e1zquez y responsables de ministerios p\u00fablicos involucrados en este caso, han enfrentado procesos penales por corrupci\u00f3n, fabricaci\u00f3n de pruebas y desv\u00edo de la indagatoria. Nunca se procedi\u00f3 contra ellos.<\/p>\n\n\n\n<p>Carlos Moreno expresa: No s\u00e9 c\u00f3mo llamar lo que sucede con las autoridades en el caso de mi hijo; omisi\u00f3n, colusi\u00f3n con el crimen organizado, burla, simulaci\u00f3n, desprecio, impunidad o ineptitud. No hay una palabra que concentre todo eso.<\/p>\n\n\n\n<p>En diciembre del a\u00f1o pasado, en seguimiento a la resoluci\u00f3n del Comit\u00e9 de la ONU, el subsecretario de Gobernaci\u00f3n para Derechos Humanos, Alejandro Encinas, emiti\u00f3 una disculpa p\u00fablica a la familia Moreno P\u00e9rez por el mal manejo del caso.<\/p>\n\n\n\n<p>Mi esposa Enriqueta, mi hija Areli y yo la rechazamos. No fue por desprecio a Encinas. Como le dijimos: usted no nos ha ofendido ni le hizo da\u00f1o a mi hijo. No queremos disculpas. Lo que queremos es que de una buena vez se investigue bien y se llegue al fondo, para poder saber qu\u00e9 pas\u00f3 con Israel, indica Carlos Moreno.<\/p>\n\n\n\n<p>El joven acababa de ingresar a la UNAM para estudiar la carrera de geograf\u00eda, como su padre. Llegaron las vacaciones, empac\u00f3 su mochila y se lanz\u00f3 a la aventura a las cosas oaxaque\u00f1as. El 8 de julio su mam\u00e1 recibi\u00f3 su \u00faltimo mensaje. Dec\u00eda que hab\u00eda llegado a Chacahua y que al d\u00eda siguiente ir\u00eda a Mazunte, donde lo esperaban algunos amigos. Nunca lleg\u00f3.<\/p>\n\n\n\n<p>La experiencia de Carlos Moreno como buscador en solitario de Isra, como le dicen sus amigos, ha sido siempre cuesta arriba: De manera individual es muy dif\u00edcil lograr la atenci\u00f3n de las instituciones que imparten justicia. Como v\u00edctima hay la necesidad de agruparse en colectivos, pero a veces sale contraproducente, ya que nos encontramos con supuestos activistas que en realidad son arribistas que se encargan de mantener pasivas a las v\u00edctimas y obtienen beneficios para ellos.<\/p>\n\n\n\n<p>Carlos Moreno denunci\u00f3 a los funcionarios p\u00fablicos que se prestaron al montaje y encubrimiento del caso. Se pregunta: \u00bfEs demasiado pedir una investigaci\u00f3n efectiva y sancionar a los delincuentes que transitan con permiso de las autoridades? Si ya un solo desaparecido es inadmisible, 86 mil es una vileza. Es una vileza que nuestros gobernantes minimicen el problema.<\/p>\n\n\n\n<p>Por lo pronto, el padre de Israel est\u00e1 a la espera de una audiencia con el nuevo fiscal de Oaxaca, Arturo Peimbert.<\/p>\n\n\n\n<p>Ya me cit\u00f3 para una reuni\u00f3n v\u00eda Zoom, pero \u00e9l no asisti\u00f3. Entiendo que los funcionarios de ese nivel est\u00e9n ocupados, pero la desaparici\u00f3n de personas tambi\u00e9n debe ser su prioridad, concluye.<\/p>\n\n\n\n<p>(Informaci\u00f3n de \u201cLa Jornada\u201d)<\/p>\n","protected":false},"excerpt":{"rendered":"<p>Redacci\u00f3n\/Zona Roja Cdmx. Ciudad de M\u00e9xico, 4 de julio de 2021.- En cumplimiento a una&hellip;<\/p>\n","protected":false},"author":2,"featured_media":6333,"comment_status":"closed","ping_status":"open","sticky":false,"template":"","format":"standard","meta":{"_lmt_disableupdate":"","_lmt_disable":"","_jetpack_memberships_contains_paid_content":false,"footnotes":""},"categories":[109,47],"tags":[1092],"class_list":["post-29333","post","type-post","status-publish","format-standard","has-post-thumbnail","hentry","category-minuto-a-minuto","category-zona-gris","tag-jesus-israel-moreno"],"jetpack_featured_media_url":"https:\/\/zonaroja.com.mx\/wp-content\/uploads\/2019\/12\/Jes\u00fas-Israel-Moreno2.jpg","jetpack_sharing_enabled":true,"_links":{"self":[{"href":"https:\/\/zonaroja.com.mx\/index.php?rest_route=\/wp\/v2\/posts\/29333","targetHints":{"allow":["GET"]}}],"collection":[{"href":"https:\/\/zonaroja.com.mx\/index.php?rest_route=\/wp\/v2\/posts"}],"about":[{"href":"https:\/\/zonaroja.com.mx\/index.php?rest_route=\/wp\/v2\/types\/post"}],"author":[{"embeddable":true,"href":"https:\/\/zonaroja.com.mx\/index.php?rest_route=\/wp\/v2\/users\/2"}],"replies":[{"embeddable":true,"href":"https:\/\/zonaroja.com.mx\/index.php?rest_route=%2Fwp%2Fv2%2Fcomments&post=29333"}],"version-history":[{"count":1,"href":"https:\/\/zonaroja.com.mx\/index.php?rest_route=\/wp\/v2\/posts\/29333\/revisions"}],"predecessor-version":[{"id":29334,"href":"https:\/\/zonaroja.com.mx\/index.php?rest_route=\/wp\/v2\/posts\/29333\/revisions\/29334"}],"wp:featuredmedia":[{"embeddable":true,"href":"https:\/\/zonaroja.com.mx\/index.php?rest_route=\/wp\/v2\/media\/6333"}],"wp:attachment":[{"href":"https:\/\/zonaroja.com.mx\/index.php?rest_route=%2Fwp%2Fv2%2Fmedia&parent=29333"}],"wp:term":[{"taxonomy":"category","embeddable":true,"href":"https:\/\/zonaroja.com.mx\/index.php?rest_route=%2Fwp%2Fv2%2Fcategories&post=29333"},{"taxonomy":"post_tag","embeddable":true,"href":"https:\/\/zonaroja.com.mx\/index.php?rest_route=%2Fwp%2Fv2%2Ftags&post=29333"}],"curies":[{"name":"wp","href":"https:\/\/api.w.org\/{rel}","templated":true}]}}