{"id":29335,"date":"2021-07-04T07:45:28","date_gmt":"2021-07-04T12:45:28","guid":{"rendered":"http:\/\/www.zonaroja.com.mx\/?p=29335"},"modified":"2021-07-04T07:45:30","modified_gmt":"2021-07-04T12:45:30","slug":"cierra-junio-con-25-mujeres-y-ninas-desaparecidas-en-oaxaca","status":"publish","type":"post","link":"https:\/\/zonaroja.com.mx\/?p=29335","title":{"rendered":"Cierra junio con 25 mujeres y ni\u00f1as desaparecidas en Oaxaca"},"content":{"rendered":"\n<p>Evlin Arag\u00f3n\/Zona Roja.<\/p>\n\n\n\n<p>Oaxaca de Ju\u00e1rez, Oax., 4 de julio de 2021.- Con 25 mujeres en calidad de desaparecidas cerr\u00f3 el mes de junio en la entidad oaxaque\u00f1a, por lo que sus fichas siguen activas en la Unidad de B\u00fasqueda de Personas Desaparecidas y No Localizadas (DNOL).<\/p>\n\n\n\n<p>Los casos m\u00e1s recientes son los de Viridiana, de 13 a\u00f1os de edad; Dana Jos\u00e9, de 12; y Florinda, de 49 a\u00f1os, quienes fueron reportadas como desaparecidas en el 27 de junio en las localidades Santa Mar\u00eda Colotepec, Oaxaca de Ju\u00e1rez y San Agust\u00edn Loxicha.&nbsp;<\/p>\n\n\n\n<p>En el caso de Florinda, fue vista por \u00faltima vez en compa\u00f1\u00eda su peque\u00f1o hijo Jonathan, de un a\u00f1o de edad.&nbsp;&nbsp;&nbsp;<\/p>\n\n\n\n<p>D\u00edas antes fueron reportadas ante las autoridades Alondra Celeste, de 15 a\u00f1os; Jenifer Griselda y Lorenza Flora, de 15 y 17 a\u00f1os de edad; as\u00ed como Rub\u00ed, de 49; y Mar\u00eda Esperanza, de 35; quienes fueron vistas por \u00faltima vez en San Juan Colorado, Ejutla de Crespo, Loma Bonita y Santa Luc\u00eda del Camino.&nbsp;<\/p>\n\n\n\n<p>A la lista se suman Rosa Mar\u00eda, de 47 a\u00f1os; Adolfa, de 39; Yesenia, de 13; Benita, de 39; y Evelyne Daniela, de 15; desaparecidas en los municipios de Santiago Jamiltepec, Santiago Ixtayutla, Santa In\u00e9s del Monte, San Jos\u00e9 del Progreso y Juchit\u00e1n de Zaragoza.&nbsp;<\/p>\n\n\n\n<p>As\u00ed mismo, Fernanda Roci\u00f3, de 13 a\u00f1os; Elizabeth, de 17; y Mireya, de 13; vistas por \u00faltima vez en Sola de Vega, Santa Cruz Xoxocotl\u00e1n y Mat\u00edas Romero Avenda\u00f1o.&nbsp;<\/p>\n\n\n\n<p>El 10 de junio fue reportada como desaparecida Rosibel Vidal Mediquin, de 34 a\u00f1o de edad, en compa\u00f1\u00eda de su hija Adaia, de dos a\u00f1os, en inmediaciones del municipio de San Miguel Soyaltepec.&nbsp;<\/p>\n\n\n\n<p>Las fichas de b\u00fasqueda Juliette D\u00e1nae, de 12 a\u00f1os; Mar\u00eda Isabel, de 44; Jennyfer de Jes\u00fas, de 13; y Romina Mar\u00eda, de 15; tambi\u00e9n permanecen activas, al ser denunciadas como no localizadas y vista por \u00faltima vez en Uni\u00f3n Hidalgo, Tlacolula de Matamoros, Teotitl\u00e1n de Flores Mag\u00f3n, y Oaxaca de Ju\u00e1rez.<\/p>\n\n\n\n<p>Finalmente, Cinthya y Lizbeth, ambas de 15 a\u00f1os de edad, desaparecidas en Huajuapan de Le\u00f3n y San Pedro Tututepec, respectivamente; as\u00ed como Alejandra Karina, de 27 a\u00f1os, vista por \u00faltima vez en Santiago Matatl\u00e1n, desde el primero de junio.&nbsp;&nbsp;<\/p>\n","protected":false},"excerpt":{"rendered":"<p>Evlin Arag\u00f3n\/Zona Roja. Oaxaca de Ju\u00e1rez, Oax., 4 de julio de 2021.- Con 25 mujeres&hellip;<\/p>\n","protected":false},"author":2,"featured_media":29336,"comment_status":"closed","ping_status":"open","sticky":false,"template":"","format":"standard","meta":{"_lmt_disableupdate":"","_lmt_disable":"","_jetpack_memberships_contains_paid_content":false,"footnotes":""},"categories":[109,47],"tags":[455],"class_list":["post-29335","post","type-post","status-publish","format-standard","has-post-thumbnail","hentry","category-minuto-a-minuto","category-zona-gris","tag-mujeres-desaparecidas-oaxaca"],"jetpack_featured_media_url":"https:\/\/zonaroja.com.mx\/wp-content\/uploads\/2021\/07\/Desaparecidas-Oaxaca.jpg","jetpack_sharing_enabled":true,"_links":{"self":[{"href":"https:\/\/zonaroja.com.mx\/index.php?rest_route=\/wp\/v2\/posts\/29335","targetHints":{"allow":["GET"]}}],"collection":[{"href":"https:\/\/zonaroja.com.mx\/index.php?rest_route=\/wp\/v2\/posts"}],"about":[{"href":"https:\/\/zonaroja.com.mx\/index.php?rest_route=\/wp\/v2\/types\/post"}],"author":[{"embeddable":true,"href":"https:\/\/zonaroja.com.mx\/index.php?rest_route=\/wp\/v2\/users\/2"}],"replies":[{"embeddable":true,"href":"https:\/\/zonaroja.com.mx\/index.php?rest_route=%2Fwp%2Fv2%2Fcomments&post=29335"}],"version-history":[{"count":1,"href":"https:\/\/zonaroja.com.mx\/index.php?rest_route=\/wp\/v2\/posts\/29335\/revisions"}],"predecessor-version":[{"id":29337,"href":"https:\/\/zonaroja.com.mx\/index.php?rest_route=\/wp\/v2\/posts\/29335\/revisions\/29337"}],"wp:featuredmedia":[{"embeddable":true,"href":"https:\/\/zonaroja.com.mx\/index.php?rest_route=\/wp\/v2\/media\/29336"}],"wp:attachment":[{"href":"https:\/\/zonaroja.com.mx\/index.php?rest_route=%2Fwp%2Fv2%2Fmedia&parent=29335"}],"wp:term":[{"taxonomy":"category","embeddable":true,"href":"https:\/\/zonaroja.com.mx\/index.php?rest_route=%2Fwp%2Fv2%2Fcategories&post=29335"},{"taxonomy":"post_tag","embeddable":true,"href":"https:\/\/zonaroja.com.mx\/index.php?rest_route=%2Fwp%2Fv2%2Ftags&post=29335"}],"curies":[{"name":"wp","href":"https:\/\/api.w.org\/{rel}","templated":true}]}}