{"id":29338,"date":"2021-07-04T08:17:17","date_gmt":"2021-07-04T13:17:17","guid":{"rendered":"http:\/\/www.zonaroja.com.mx\/?p=29338"},"modified":"2021-07-04T08:17:19","modified_gmt":"2021-07-04T13:17:19","slug":"fiscalia-buscara-pena-maxima-para-diego-n-tras-la-muerte-de-polly","status":"publish","type":"post","link":"https:\/\/zonaroja.com.mx\/?p=29338","title":{"rendered":"Fiscal\u00eda buscar\u00e1 pena m\u00e1xima para Diego \u00abN\u00bb, tras la muerte de \u201cPolly\u201d"},"content":{"rendered":"\n<p>Redacci\u00f3n\/Zona Roja Cdmx.<\/p>\n\n\n\n<p>Ciudad de M\u00e9xico, 4 de julio de 2021.- La Fiscal\u00eda General de Justicia de la Ciudad de M\u00e9xico inform\u00f3 que, tras la muerte de Mar\u00eda Fernanda Olivares, conocida como \u201cPolly\u201d, mujer atropellada en Iztacalco, buscar\u00e1 reclasificar el delito como feminicidio en grado de tentativa y pedir\u00e1 la pena m\u00e1xima para el presunto agresor, identificado como Diego \u00abN\u00bb.<\/p>\n\n\n\n<p>Las j\u00f3venes Fernanda Cuadra y \u00b4Polly\u00b4 fueron atropelladas por un veh\u00edculo presuntamente conducido por Diego\u00b4N \u00b4cerca del Viaducto Piedad.<\/p>\n\n\n\n<p>El video de las c\u00e1maras de seguridad privadas y el centro de comando y control C4 captur\u00f3 el momento en que una persona atropell\u00f3 a seis personas en la calle en un autom\u00f3vil. El auto choc\u00f3 con dos mujeres, una de las mujeres fue arrojada a la calle despu\u00e9s de pasarla y la otra mujer fue arrastrada.<\/p>\n\n\n\n<p>\u201cPoly\u201d estuvo hospitalizado en Xoco durante 20 d\u00edas. Un juez de control emiti\u00f3 una orden requiriendo que Diego \u00abN\u00bb participara en el juicio porque era probable que hubiera participado en el delito de asesinato de mujeres a un nivel tentativo, lesionando los intereses de los dos j\u00f3venes. En respuesta, la Fiscal\u00eda General de la Ciudad de M\u00e9xico (FGJCDMX) present\u00f3 las pruebas correspondientes.<\/p>\n\n\n\n<p>(Informaci\u00f3n de \u201cDiario Presente\u201d)<\/p>\n","protected":false},"excerpt":{"rendered":"<p>Redacci\u00f3n\/Zona Roja Cdmx. Ciudad de M\u00e9xico, 4 de julio de 2021.- La Fiscal\u00eda General de&hellip;<\/p>\n","protected":false},"author":2,"featured_media":29339,"comment_status":"closed","ping_status":"open","sticky":false,"template":"","format":"standard","meta":{"_lmt_disableupdate":"","_lmt_disable":"","_jetpack_memberships_contains_paid_content":false,"footnotes":""},"categories":[109,47],"tags":[],"class_list":["post-29338","post","type-post","status-publish","format-standard","has-post-thumbnail","hentry","category-minuto-a-minuto","category-zona-gris"],"jetpack_featured_media_url":"https:\/\/zonaroja.com.mx\/wp-content\/uploads\/2021\/07\/Muere-Polly-atropellada.jpg","jetpack_sharing_enabled":true,"_links":{"self":[{"href":"https:\/\/zonaroja.com.mx\/index.php?rest_route=\/wp\/v2\/posts\/29338","targetHints":{"allow":["GET"]}}],"collection":[{"href":"https:\/\/zonaroja.com.mx\/index.php?rest_route=\/wp\/v2\/posts"}],"about":[{"href":"https:\/\/zonaroja.com.mx\/index.php?rest_route=\/wp\/v2\/types\/post"}],"author":[{"embeddable":true,"href":"https:\/\/zonaroja.com.mx\/index.php?rest_route=\/wp\/v2\/users\/2"}],"replies":[{"embeddable":true,"href":"https:\/\/zonaroja.com.mx\/index.php?rest_route=%2Fwp%2Fv2%2Fcomments&post=29338"}],"version-history":[{"count":1,"href":"https:\/\/zonaroja.com.mx\/index.php?rest_route=\/wp\/v2\/posts\/29338\/revisions"}],"predecessor-version":[{"id":29340,"href":"https:\/\/zonaroja.com.mx\/index.php?rest_route=\/wp\/v2\/posts\/29338\/revisions\/29340"}],"wp:featuredmedia":[{"embeddable":true,"href":"https:\/\/zonaroja.com.mx\/index.php?rest_route=\/wp\/v2\/media\/29339"}],"wp:attachment":[{"href":"https:\/\/zonaroja.com.mx\/index.php?rest_route=%2Fwp%2Fv2%2Fmedia&parent=29338"}],"wp:term":[{"taxonomy":"category","embeddable":true,"href":"https:\/\/zonaroja.com.mx\/index.php?rest_route=%2Fwp%2Fv2%2Fcategories&post=29338"},{"taxonomy":"post_tag","embeddable":true,"href":"https:\/\/zonaroja.com.mx\/index.php?rest_route=%2Fwp%2Fv2%2Ftags&post=29338"}],"curies":[{"name":"wp","href":"https:\/\/api.w.org\/{rel}","templated":true}]}}