{"id":29342,"date":"2021-07-04T11:34:05","date_gmt":"2021-07-04T16:34:05","guid":{"rendered":"https:\/\/www.zonaroja.com.mx\/?p=29342"},"modified":"2021-07-04T11:39:27","modified_gmt":"2021-07-04T16:39:27","slug":"acuerda-seccion-22-del-snte-iniciar-ruta-de-relevo-de-comite-ejecutivo","status":"publish","type":"post","link":"https:\/\/zonaroja.com.mx\/?p=29342","title":{"rendered":"Acuerda Secci\u00f3n 22 del SNTE iniciar ruta de relevo de comit\u00e9 ejecutivo"},"content":{"rendered":"\n<p>Redacci\u00f3n\/Zona Roja. <\/p>\n\n\n\n<p>Oaxaca de Ju\u00e1rez, Oax., 4 de julio de 2021.- Tras m\u00e1s de 12 horas, la Asamblea Estatal de la Secci\u00f3n 22 del SNTE acord\u00f3 iniciar la ruta para el relevo del Comit\u00e9 Ejecutivo Seccional. <\/p>\n\n\n\n<p>El periodo de cuatro a\u00f1os de Eloy L\u00f3pez Hern\u00e1ndez y dem\u00e1s integrantes de la dirigencia, culmin\u00f3 en enero pasado; bajo el argumento de la pandemia por Covid-19, no se efectuaba el proceso.<\/p>\n\n\n\n<p>Entre otros consensos, a partir de esta semana se realizar\u00e1n una serie de asambleas tem\u00e1ticas, a fin de recabar el sentir del magisterio en las regiones.<\/p>\n\n\n\n<p>Tambi\u00e9n, designar una comisi\u00f3n de seguimiento para el proceso de emisi\u00f3n de la convocatoria para el proceso al relevo seccional.<\/p>\n\n\n\n<p>Nombr\u00f3 una comisi\u00f3n revisora para analizar la situaci\u00f3n de quienes asistieron como delegados al XIV congreso en Chiapas, con lo cual se intensific\u00f3 el cisma en la gremial. <\/p>\n\n\n\n<p>Por otra parte, convino en brindar el respaldo a las generaciones 2019 y 2020 de egresados de escuelas normales, para lograr su contrataci\u00f3n inmediata en su totalidad como docentes. <\/p>\n\n\n\n<p>Igualmente, el regreso a clases ser\u00e1 hasta que el 60 por ciento de la poblaci\u00f3n oaxaque\u00f1a est\u00e9 vacunanada como m\u00ednimo y las autoridades de salud, magisterio y padres de familia lo determinen. <\/p>\n\n\n\n<p>Que se trace una ruta jur\u00eddica para que los compa\u00f1eros Personal de Apoyo a la Educaci\u00f3n tenga el reconocimiento de su antig\u00fcedad para el cobro del beneficio de est\u00edmulos por a\u00f1os de servicios.<\/p>\n\n\n\n<p>En tanto que la pr\u00f3xima Asamblea Estatal se realizar\u00e1 el d\u00eda s\u00e1bado 17 de julio de 2021. <\/p>\n","protected":false},"excerpt":{"rendered":"<p>Redacci\u00f3n\/Zona Roja. Oaxaca de Ju\u00e1rez, Oax., 4 de julio de 2021.- Tras m\u00e1s de 12&hellip;<\/p>\n","protected":false},"author":2,"featured_media":29341,"comment_status":"closed","ping_status":"open","sticky":false,"template":"","format":"standard","meta":{"_lmt_disableupdate":"","_lmt_disable":"","_jetpack_memberships_contains_paid_content":false,"footnotes":""},"categories":[109,47],"tags":[],"class_list":["post-29342","post","type-post","status-publish","format-standard","has-post-thumbnail","hentry","category-minuto-a-minuto","category-zona-gris"],"jetpack_featured_media_url":"https:\/\/zonaroja.com.mx\/wp-content\/uploads\/2021\/07\/img_2194.jpg","jetpack_sharing_enabled":true,"_links":{"self":[{"href":"https:\/\/zonaroja.com.mx\/index.php?rest_route=\/wp\/v2\/posts\/29342","targetHints":{"allow":["GET"]}}],"collection":[{"href":"https:\/\/zonaroja.com.mx\/index.php?rest_route=\/wp\/v2\/posts"}],"about":[{"href":"https:\/\/zonaroja.com.mx\/index.php?rest_route=\/wp\/v2\/types\/post"}],"author":[{"embeddable":true,"href":"https:\/\/zonaroja.com.mx\/index.php?rest_route=\/wp\/v2\/users\/2"}],"replies":[{"embeddable":true,"href":"https:\/\/zonaroja.com.mx\/index.php?rest_route=%2Fwp%2Fv2%2Fcomments&post=29342"}],"version-history":[{"count":2,"href":"https:\/\/zonaroja.com.mx\/index.php?rest_route=\/wp\/v2\/posts\/29342\/revisions"}],"predecessor-version":[{"id":29344,"href":"https:\/\/zonaroja.com.mx\/index.php?rest_route=\/wp\/v2\/posts\/29342\/revisions\/29344"}],"wp:featuredmedia":[{"embeddable":true,"href":"https:\/\/zonaroja.com.mx\/index.php?rest_route=\/wp\/v2\/media\/29341"}],"wp:attachment":[{"href":"https:\/\/zonaroja.com.mx\/index.php?rest_route=%2Fwp%2Fv2%2Fmedia&parent=29342"}],"wp:term":[{"taxonomy":"category","embeddable":true,"href":"https:\/\/zonaroja.com.mx\/index.php?rest_route=%2Fwp%2Fv2%2Fcategories&post=29342"},{"taxonomy":"post_tag","embeddable":true,"href":"https:\/\/zonaroja.com.mx\/index.php?rest_route=%2Fwp%2Fv2%2Ftags&post=29342"}],"curies":[{"name":"wp","href":"https:\/\/api.w.org\/{rel}","templated":true}]}}