{"id":29346,"date":"2021-07-04T15:39:28","date_gmt":"2021-07-04T20:39:28","guid":{"rendered":"http:\/\/www.zonaroja.com.mx\/?p=29346"},"modified":"2021-07-04T15:39:30","modified_gmt":"2021-07-04T20:39:30","slug":"ni-a-sus-elementos-asesinados-procura-justicia-la-fiscalia-de-oaxaca","status":"publish","type":"post","link":"https:\/\/zonaroja.com.mx\/?p=29346","title":{"rendered":"Ni a sus elementos asesinados procura justicia la Fiscal\u00eda de Oaxaca"},"content":{"rendered":"\n<p>Redacci\u00f3n\/Zona Roja.<\/p>\n\n\n\n<p>Oaxaca de Ju\u00e1rez, Oax., 4 de julio de 2021.- Ni con Rub\u00e9n Vasconcelos ni con Arturo Peimber Calvo, la Fiscal\u00eda General del Estado de Oaxaca ha dado resultados en el esclarecimiento de los cr\u00edmenes en contra de servidores p\u00fablicos de la instituci\u00f3n.<\/p>\n\n\n\n<p>El m\u00e1s reciente asesinato se perpetr\u00f3 el pasado martes 29 de junio, contra Omar Sabino Chepetla Jim\u00e9nez, y el viernes 2 de julio se revel\u00f3 un video en que se aprecia la forma en que fue ejecutado: cuatro sujetos a bordo de dos motocicletas.<\/p>\n\n\n\n<p>Bajo esa misma modalidad y tipo de veh\u00edculo se ha cometido una serie de asaltos, robos y asesinatos en la entidad, pero ni con im\u00e1genes ni videos, la instituci\u00f3n de procuraci\u00f3n de justicia ha dado resultados.<\/p>\n\n\n\n<p>Chepetla Jim\u00e9nez era licenciado en Administraci\u00f3n de Empresas y fungi\u00f3 como elemento de la Polic\u00eda Federal durante 29 a\u00f1os.<\/p>\n\n\n\n<p>En Oaxaca, caus\u00f3 alta en la Agencia Estatal de Investigaciones (AEI), dependiente de la Fiscal\u00eda General, en septiembre de 2019, donde inici\u00f3 como subdirector y tras la renuncia del director por intrigas en la misma corporaci\u00f3n, el ahora extinto fue designado como Director de Investigaciones, cargo que desempe\u00f1\u00f3 hasta el momento de su ejecuci\u00f3n.<\/p>\n\n\n\n<p>Seg\u00fan un recuento elaborado por el periodista Tom\u00e1s Mart\u00ednez Ju\u00e1rez, son al menos tres mandos de la Fiscal\u00eda General ultimados en los \u00faltimos tres a\u00f1os.<\/p>\n\n\n\n<p>El 23 de diciembre del 2019, un comando logr\u00f3 impedir que Jos\u00e9 Bernab\u00e9 B.M. alias \u201cLa Vaca\u201d o \u201cLa Bestia\u201d, fuera trasladado al estado de Tamaulipas, donde ten\u00eda una orden de aprehensi\u00f3n por el delito de homicidio.<\/p>\n\n\n\n<p>Durante los hechos resultaron con lesiones C. A. A., J. C. R., y el Polic\u00eda Ministerial A. T. G., elemento de la Procuradur\u00eda General de Justicia de Tamaulipas, pero falleci\u00f3 el capit\u00e1n de la entonces Polic\u00eda Federal, Rafael Alecio L.C., quien era secretario particular del coordinador de la AEI, Jos\u00e9 Alfredo G\u00f3mez.<\/p>\n\n\n\n<p>Se inici\u00f3 la&nbsp;Carpeta de Investigaci\u00f3n 44317\/FVCE\/ZAACHILA\/2019, que permanece en la impunidad.<\/p>\n\n\n\n<p>El 4 de noviembre del 2019, Mauricio Pastel\u00edn, comandante regional de la Villa de Etla, fue ejecutado a balazos a la orilla de la carretera federal 190, en el fraccionamiento Santo Domingo Barrio Bajo y el caso permanece tambi\u00e9n sin esclarecerse.<\/p>\n\n\n\n<p>Se mencion\u00f3 que los presuntos responsables fueron integrantes de la delincuencia organizada, al romper relaciones.<\/p>\n\n\n\n<p>En el caso de Sabino Chepeta, sus propios compa\u00f1eros de la corporaci\u00f3n lo se\u00f1alaban de prepotente y d\u00e9spota, as\u00ed como de haber tenido probables ligas con grupos del crimen organizado y de proteger a elementos corruptos en la Fiscal\u00eda.<\/p>\n","protected":false},"excerpt":{"rendered":"<p>Redacci\u00f3n\/Zona Roja. Oaxaca de Ju\u00e1rez, Oax., 4 de julio de 2021.- Ni con Rub\u00e9n Vasconcelos&hellip;<\/p>\n","protected":false},"author":2,"featured_media":29347,"comment_status":"closed","ping_status":"open","sticky":false,"template":"","format":"standard","meta":{"_lmt_disableupdate":"","_lmt_disable":"","_jetpack_memberships_contains_paid_content":false,"footnotes":""},"categories":[109,47],"tags":[494],"class_list":["post-29346","post","type-post","status-publish","format-standard","has-post-thumbnail","hentry","category-minuto-a-minuto","category-zona-gris","tag-fiscalia-general-del-estado-de-oaxaca"],"jetpack_featured_media_url":"https:\/\/zonaroja.com.mx\/wp-content\/uploads\/2021\/07\/Homenaje-Omar-Sabino-Chepetla-2.jpg","jetpack_sharing_enabled":true,"_links":{"self":[{"href":"https:\/\/zonaroja.com.mx\/index.php?rest_route=\/wp\/v2\/posts\/29346","targetHints":{"allow":["GET"]}}],"collection":[{"href":"https:\/\/zonaroja.com.mx\/index.php?rest_route=\/wp\/v2\/posts"}],"about":[{"href":"https:\/\/zonaroja.com.mx\/index.php?rest_route=\/wp\/v2\/types\/post"}],"author":[{"embeddable":true,"href":"https:\/\/zonaroja.com.mx\/index.php?rest_route=\/wp\/v2\/users\/2"}],"replies":[{"embeddable":true,"href":"https:\/\/zonaroja.com.mx\/index.php?rest_route=%2Fwp%2Fv2%2Fcomments&post=29346"}],"version-history":[{"count":1,"href":"https:\/\/zonaroja.com.mx\/index.php?rest_route=\/wp\/v2\/posts\/29346\/revisions"}],"predecessor-version":[{"id":29348,"href":"https:\/\/zonaroja.com.mx\/index.php?rest_route=\/wp\/v2\/posts\/29346\/revisions\/29348"}],"wp:featuredmedia":[{"embeddable":true,"href":"https:\/\/zonaroja.com.mx\/index.php?rest_route=\/wp\/v2\/media\/29347"}],"wp:attachment":[{"href":"https:\/\/zonaroja.com.mx\/index.php?rest_route=%2Fwp%2Fv2%2Fmedia&parent=29346"}],"wp:term":[{"taxonomy":"category","embeddable":true,"href":"https:\/\/zonaroja.com.mx\/index.php?rest_route=%2Fwp%2Fv2%2Fcategories&post=29346"},{"taxonomy":"post_tag","embeddable":true,"href":"https:\/\/zonaroja.com.mx\/index.php?rest_route=%2Fwp%2Fv2%2Ftags&post=29346"}],"curies":[{"name":"wp","href":"https:\/\/api.w.org\/{rel}","templated":true}]}}