{"id":29349,"date":"2021-07-04T20:05:54","date_gmt":"2021-07-05T01:05:54","guid":{"rendered":"http:\/\/www.zonaroja.com.mx\/?p=29349"},"modified":"2021-07-04T20:05:56","modified_gmt":"2021-07-05T01:05:56","slug":"este-es-el-mundo-que-nos-estan-dejando-dice-greta-thunberg-tras-incendio-de-pemex","status":"publish","type":"post","link":"https:\/\/zonaroja.com.mx\/?p=29349","title":{"rendered":"\u201cEste es el mundo que nos est\u00e1n dejando\u201d, dice Greta Thunberg tras incendio de Pemex"},"content":{"rendered":"\n<p>Redacci\u00f3n\/Zona Roja Cdmx.<\/p>\n\n\n\n<p>Ciudad de M\u00e9xico, 4 de julio de 2021.- La activista Greta Thunberg cuestion\u00f3 a la industria petrolera, luego del incendio ocurrido el pasado 2 de julio en el ducto marino de Petr\u00f3leos Mexicanos (Pemex) en Ku Maloob Zaap, ubicado en el Golfo de M\u00e9xico.<\/p>\n\n\n\n<p>En su cuenta de Twitter cuestion\u00f3 que \u201clas personas en el poder se llaman a s\u00ed mismos l\u00edderes clim\u00e1ticos mientras abren nuevos campos petroleros, oleoductos y plantas de energ\u00eda de carb\u00f3n, otorgando nuevas licencias petroleras para explorar futuros sitios de perforaci\u00f3n petrolera. Este es el mundo que nos est\u00e1n dejando\u201d.<\/p>\n\n\n\n<p>Pemex enfrent\u00f3 un incendio en el ducto submarino en la plataforma sat\u00e9lite Ku-C, parte del complejo Ku-Maloob-Zaap el pasado 2 de julio, su activo m\u00e1s importante para la producci\u00f3n de crudo.<\/p>\n\n\n\n<p>La empresa inform\u00f3 en un comunicado que tras el incidente cerr\u00f3 las v\u00e1lvulas de interconexi\u00f3n en el ducto con lo que extingui\u00f3 el fuego, la salida de gas cerca de 10:45 horas, y restableci\u00f3 las condiciones normales de operaci\u00f3n.<\/p>\n\n\n\n<p>Tres embarcaciones cercanas de contraincendio, como Isla Santa Cruz, Bah\u00eda de Campeche y Bourbon Alienor, enfrentaron el incendio.<\/p>\n\n\n\n<p>\u201cPetr\u00f3leos Mexicanos realizar\u00e1 un an\u00e1lisis causa-ra\u00edz de este incidente\u201d, agreg\u00f3 la empresa estatal en el documento.<\/p>\n\n\n\n<p>(Informaci\u00f3n de \u201cForbes M\u00e9xico\u201d)<\/p>\n","protected":false},"excerpt":{"rendered":"<p>Redacci\u00f3n\/Zona Roja Cdmx. Ciudad de M\u00e9xico, 4 de julio de 2021.- La activista Greta Thunberg&hellip;<\/p>\n","protected":false},"author":2,"featured_media":29350,"comment_status":"closed","ping_status":"open","sticky":false,"template":"","format":"standard","meta":{"_lmt_disableupdate":"","_lmt_disable":"","_jetpack_memberships_contains_paid_content":false,"footnotes":""},"categories":[109,47],"tags":[2779],"class_list":["post-29349","post","type-post","status-publish","format-standard","has-post-thumbnail","hentry","category-minuto-a-minuto","category-zona-gris","tag-greta-thunberg"],"jetpack_featured_media_url":"https:\/\/zonaroja.com.mx\/wp-content\/uploads\/2021\/07\/Incendio-planta-Pemex.jpg","jetpack_sharing_enabled":true,"_links":{"self":[{"href":"https:\/\/zonaroja.com.mx\/index.php?rest_route=\/wp\/v2\/posts\/29349","targetHints":{"allow":["GET"]}}],"collection":[{"href":"https:\/\/zonaroja.com.mx\/index.php?rest_route=\/wp\/v2\/posts"}],"about":[{"href":"https:\/\/zonaroja.com.mx\/index.php?rest_route=\/wp\/v2\/types\/post"}],"author":[{"embeddable":true,"href":"https:\/\/zonaroja.com.mx\/index.php?rest_route=\/wp\/v2\/users\/2"}],"replies":[{"embeddable":true,"href":"https:\/\/zonaroja.com.mx\/index.php?rest_route=%2Fwp%2Fv2%2Fcomments&post=29349"}],"version-history":[{"count":1,"href":"https:\/\/zonaroja.com.mx\/index.php?rest_route=\/wp\/v2\/posts\/29349\/revisions"}],"predecessor-version":[{"id":29351,"href":"https:\/\/zonaroja.com.mx\/index.php?rest_route=\/wp\/v2\/posts\/29349\/revisions\/29351"}],"wp:featuredmedia":[{"embeddable":true,"href":"https:\/\/zonaroja.com.mx\/index.php?rest_route=\/wp\/v2\/media\/29350"}],"wp:attachment":[{"href":"https:\/\/zonaroja.com.mx\/index.php?rest_route=%2Fwp%2Fv2%2Fmedia&parent=29349"}],"wp:term":[{"taxonomy":"category","embeddable":true,"href":"https:\/\/zonaroja.com.mx\/index.php?rest_route=%2Fwp%2Fv2%2Fcategories&post=29349"},{"taxonomy":"post_tag","embeddable":true,"href":"https:\/\/zonaroja.com.mx\/index.php?rest_route=%2Fwp%2Fv2%2Ftags&post=29349"}],"curies":[{"name":"wp","href":"https:\/\/api.w.org\/{rel}","templated":true}]}}