{"id":29355,"date":"2021-07-05T07:03:55","date_gmt":"2021-07-05T12:03:55","guid":{"rendered":"http:\/\/www.zonaroja.com.mx\/?p=29355"},"modified":"2021-07-05T07:03:57","modified_gmt":"2021-07-05T12:03:57","slug":"domingo-rojo-cuatro-personas-asesinadas-tres-de-ellas-en-la-costa","status":"publish","type":"post","link":"https:\/\/zonaroja.com.mx\/?p=29355","title":{"rendered":"Domingo rojo: cuatro personas asesinadas, tres de ellas en la Costa"},"content":{"rendered":"\n<p>Redacci\u00f3n\/Zona Roja.<\/p>\n\n\n\n<p>Oaxaca de Ju\u00e1rez, Oax., 5 de julio de 2021.- Tres personas asesinadas en la Costa y una en la Sierra Sur; un menor de edad ahogado; un individuo muerto en la calle y el \u201clevant\u00f3n\u201d de dos varones en el Istmo, es el saldo violento de ayer domingo.<\/p>\n\n\n\n<p>En Santiago Jamiltepec, anoche fueron ultimados a balazos dos individuos, mientras que en otro sitio fue hallado un hombre ahorcado y con huellas de tortura.<\/p>\n\n\n\n<p>En la comunidad de Roatina, de Miahuatl\u00e1n de Porfirio D\u00edaz, presuntamente por una ri\u00f1a, un hombre identificado como Alfonso, fue lesionado de bala y trasladado a un hospital, donde perdi\u00f3 la vida al llegar.<\/p>\n\n\n\n<p>Mientras tanto durante la tarde del domingo, en la localidad de Lagunas, del municipio de El Barrio la Soledad, se suscitaron disparos de arma de fuego, donde un probable grupo delictivo secuestr\u00f3 a dos personas, una de ellas conocida como Mois\u00e9s, para llev\u00e1rselos con rumbo desconocido.<\/p>\n\n\n\n<p>Mientras que ayer por la tarde, en la calle Ignacio Loyola de Yahuiche, perteneciente a Santa Mar\u00eda Atzompa, fue hallado un hombre muerto en la calle, cuyas causas a\u00fan no se han dado a conocer.<\/p>\n\n\n\n<p>Y en la ma\u00f1ana, un menor de edad que se hallaba en acantilados, fue alcanzado y arrastrado por fuertes olas, en Zicatela, Puerto Escondido; fue rescatado por param\u00e9dicos pero muri\u00f3 cuando recib\u00eda atenci\u00f3n m\u00e9dica.<\/p>\n","protected":false},"excerpt":{"rendered":"<p>Redacci\u00f3n\/Zona Roja. Oaxaca de Ju\u00e1rez, Oax., 5 de julio de 2021.- Tres personas asesinadas en&hellip;<\/p>\n","protected":false},"author":2,"featured_media":28833,"comment_status":"closed","ping_status":"open","sticky":false,"template":"","format":"standard","meta":{"_lmt_disableupdate":"","_lmt_disable":"","_jetpack_memberships_contains_paid_content":false,"footnotes":""},"categories":[109,51],"tags":[797],"class_list":["post-29355","post","type-post","status-publish","format-standard","has-post-thumbnail","hentry","category-minuto-a-minuto","category-zona-roja","tag-santiago-jamiltepec"],"jetpack_featured_media_url":"https:\/\/zonaroja.com.mx\/wp-content\/uploads\/2021\/06\/Violencia-crimen-en-Mexico.jpeg","jetpack_sharing_enabled":true,"_links":{"self":[{"href":"https:\/\/zonaroja.com.mx\/index.php?rest_route=\/wp\/v2\/posts\/29355","targetHints":{"allow":["GET"]}}],"collection":[{"href":"https:\/\/zonaroja.com.mx\/index.php?rest_route=\/wp\/v2\/posts"}],"about":[{"href":"https:\/\/zonaroja.com.mx\/index.php?rest_route=\/wp\/v2\/types\/post"}],"author":[{"embeddable":true,"href":"https:\/\/zonaroja.com.mx\/index.php?rest_route=\/wp\/v2\/users\/2"}],"replies":[{"embeddable":true,"href":"https:\/\/zonaroja.com.mx\/index.php?rest_route=%2Fwp%2Fv2%2Fcomments&post=29355"}],"version-history":[{"count":1,"href":"https:\/\/zonaroja.com.mx\/index.php?rest_route=\/wp\/v2\/posts\/29355\/revisions"}],"predecessor-version":[{"id":29356,"href":"https:\/\/zonaroja.com.mx\/index.php?rest_route=\/wp\/v2\/posts\/29355\/revisions\/29356"}],"wp:featuredmedia":[{"embeddable":true,"href":"https:\/\/zonaroja.com.mx\/index.php?rest_route=\/wp\/v2\/media\/28833"}],"wp:attachment":[{"href":"https:\/\/zonaroja.com.mx\/index.php?rest_route=%2Fwp%2Fv2%2Fmedia&parent=29355"}],"wp:term":[{"taxonomy":"category","embeddable":true,"href":"https:\/\/zonaroja.com.mx\/index.php?rest_route=%2Fwp%2Fv2%2Fcategories&post=29355"},{"taxonomy":"post_tag","embeddable":true,"href":"https:\/\/zonaroja.com.mx\/index.php?rest_route=%2Fwp%2Fv2%2Ftags&post=29355"}],"curies":[{"name":"wp","href":"https:\/\/api.w.org\/{rel}","templated":true}]}}