{"id":29357,"date":"2021-07-05T08:10:59","date_gmt":"2021-07-05T13:10:59","guid":{"rendered":"http:\/\/www.zonaroja.com.mx\/?p=29357"},"modified":"2021-07-05T08:45:23","modified_gmt":"2021-07-05T13:45:23","slug":"opinion-tras-descarte-de-salomon-ahora-todos-quieren-ser-candidatos","status":"publish","type":"post","link":"https:\/\/zonaroja.com.mx\/?p=29357","title":{"rendered":"Opini\u00f3n. Tras descarte de Salom\u00f3n, ahora todos quieren ser candidatos"},"content":{"rendered":"\n<p>Ismael Garc\u00eda M.\/Zona Roja.<\/p>\n\n\n\n<p>Oaxaca de Ju\u00e1rez, Oax., 5 de julio de 2021.- Tras haber sido descartado Salom\u00f3n Jara como candidato a gobernador de Oaxaca, la Cuarta Transformaci\u00f3n puso en marcha su maquinaria para promover a probables aspirantes\u2026 as\u00ed sean priistas.<\/p>\n\n\n\n<p>Recatado en las labores que realiza \u2013lo que hace ver una dependencia gris, sin resultados&#8211;, el Instituto Nacional de Pueblos Ind\u00edgenas comenz\u00f3 a promover a su titular, Adelfo Regino Montes.<\/p>\n\n\n\n<p>Pese a constantes yerros en las consultas en pueblos ind\u00edgenas del Istmo sobre megaproyectos, la dependencia federal comenz\u00f3 a difundir algunos comunicados de las actividades que realiza.<\/p>\n\n\n\n<p>Del INPI no se ve en los pueblos de Oaxaca m\u00e1s que algunas carreteras pavimentadas &#8211;a costos estratosf\u00e9ricos&#8211; a cabeceras municipales, pero con recursos de la SCT.<\/p>\n\n\n\n<p>Para promocionar las escasas actividades, Regino Montes opt\u00f3 por utilizar algunos medios oficialistas, que por supuestos no ha sido cr\u00edticos del priismo y s\u00ed de L\u00f3pez Obrador.<\/p>\n\n\n\n<p>Y de manera in\u00e9dita, para lograr m\u00e1s presencia, el pasado mi\u00e9rcoles 30 de junio, emiti\u00f3 un comunicado de prensa para condenar los cr\u00edmenes de dos profesores, afilados a la Secci\u00f3n 22, perpetrados el lunes 28 de junio.<\/p>\n\n\n\n<p>In\u00e9dito porque ha habido m\u00faltiples casos de asesinatos y masacres en contra de ind\u00edgenas en Oaxaca y jam\u00e1s el INPI hab\u00eda alzado la voz. Un ejemplo de tantos, el asesinato de 15 personas en Huazantl\u00e1n del R\u00edo, que el 21 de junio cumpli\u00f3 un a\u00f1o.<\/p>\n\n\n\n<p>Y en el colmo de los desatinos, Adelfo Regino permiti\u00f3 ser usado medi\u00e1ticamente por el desacreditado diputado del Partido del Trabajo, Benjam\u00edn Robles Montoya que, pr\u00e1cticamente, le dio \u201cel beso del diablo\u201d, como se dice en el argot.<\/p>\n\n\n\n<p>Su jefe, L\u00f3pez Obrador, le dio una tarea tit\u00e1nica, conciliar a San Vicente Coatl\u00e1n con Sola de Vega, en aras de la supercarretera, no con el objetivo de frenar ola de asesinatos y enfrentamientos por supuesta disputa de tierras. Hist\u00f3rico pleito, como hist\u00f3rica ser\u00e1 su tumba si no logra el prop\u00f3sito.<\/p>\n\n\n\n<p>CON EL ERARIO<\/p>\n\n\n\n<p>Otro funcionario gris de la 4T es Luis Antonio Ram\u00edrez Pineda, quien, con cargo al erario, comenz\u00f3 a promocionarse e incluso acept\u00f3 p\u00fablicamente que busca ser candidato a la gubernatura. Mejor dicho, se autopostul\u00f3.<\/p>\n\n\n\n<p>Aunque no precis\u00f3 si por el PRI o por Morena; no hay antecedentes formales de su registro como militante del partido que fund\u00f3 Andr\u00e9s Manuel L\u00f3pez Obrador, como tampoco de su renuncia o expulsi\u00f3n del PRI.<\/p>\n\n\n\n<p>De hecho, viene del anquilosado y rancio PRI de los 70-80, como aprendi\u00f3 de su padre, el ex gobernador de Oaxaca, Heladio Ram\u00edrez L\u00f3pez.<\/p>\n\n\n\n<p>S\u00f3lo se sabe que el ex diputado local y ex diputado federal acudi\u00f3 p\u00fablicamente a buscar a su oficina a L\u00f3pez Obrador, en 2018, tras haber ganado \u00e9ste las elecciones presidenciales; pero Luis Antonio no tiene ni tuvo ning\u00fan m\u00e9rito para haber sido premiado con el cargo de director del ISSSTE.<\/p>\n\n\n\n<p>Su desempe\u00f1o ha sido absolutamente gris y pese a ello, ya hab\u00eda intentado, justo el a\u00f1o pasado, giras proselitistas por el interior del estado, previo a la pandemia por Covid.<\/p>\n\n\n\n<p>Y durante toda la pandemia pr\u00e1cticamente no se le ha visto al lado de L\u00f3pez Obrador &#8211;muy escasamente en las \u201cma\u00f1aneras\u201d&#8211; o presumiendo una atenci\u00f3n eficaz del ISSSTE a los derechohabientes que han contra\u00eddo la pandemia.<\/p>\n\n\n\n<p>Pues bien, con todo ello, Heladio Ram\u00edrez, de quien s\u00f3lo queda la Fundaci\u00f3n Ay\u00fa con escasa presencia en la Mixteca, decidi\u00f3 abrirse de capa el pasado domingo 28 de junio y convocar a una reuni\u00f3n proselitista en su natal Santa Mar\u00e1 Ay\u00fa.<\/p>\n\n\n\n<p>Asistieron \u201cpol\u00edticos\u201d absolutamente desconocidos, archivados desde hace a\u00f1os, sin ninguna presencia ni trabajo partidista, pero sobre todo, priistas.<\/p>\n\n\n\n<p>Aletargados, algunos de ellos como Javier Jim\u00e9nez Herrera, escucharon las peroratas y el grandioso plan para lanzar a Luis Antonio Ram\u00edrez Pineda como candidato.<\/p>\n\n\n\n<p>\u00c9ste, a su vez, desde hace dos meses prepar\u00f3 terreno medi\u00e1tico y convoc\u00f3 en sus oficinas en la Ciudad de M\u00e9xico a quienes considera medios informativos importantes para comenzar su carrera proselitista.<\/p>\n\n\n\n<p>Y as\u00ed lo comenz\u00f3 a concretar el pasado viernes 3 de julio, en que llev\u00f3 adem\u00e1s a un \u201cpull\u201d de prensa para una reuni\u00f3n \u201cde evaluaci\u00f3n\u201d de la infraestructura m\u00e9dica en Tlaxiaco. De regreso, convoc\u00f3 a otros para declarar que s\u00ed tiene aspiraciones\u2026 pero que mientras continuar\u00e1 en el cargo hasta en tanto Morena decida las reglas para inscribirse como candidato.<\/p>\n\n\n\n<p>Es decir, seguir\u00e1 utilizando recursos p\u00fablicos para promocionar su gris imagen. Pero con tal mal tino su c\u00e1lculo, que el mismo d\u00eda de su destape, trabajadores del hospital del ISSSTE denunciaron despidos de alrededor de 125 m\u00e9dicos, camilleros y enfermeras.<\/p>\n\n\n\n<p>Y en su negativa de atender esa justa petici\u00f3n, ahora tendr\u00e1 a la Secci\u00f3n 22 del SNTE encima. As\u00ed que, sus sue\u00f1os guajiros se despejar\u00e1n pronto.<\/p>\n\n\n\n<p>&nbsp;\u00bfY SALOM\u00d3N?<\/p>\n\n\n\n<p>Ahora con la bandera de la consulta para el supuesto juicio a ex presidentes de M\u00e9xico, Salom\u00f3n Jara recorre los pueblos de Oaxaca.<\/p>\n\n\n\n<p>Si antes no le import\u00f3 la pandemia por Covid, ahora que han descendido en forma m\u00ednima los casos, pues tampoco.<\/p>\n\n\n\n<p>Sin embargo, en un mes ya no tendr\u00eda m\u00e1s pretextos para recorrer las comunidades, m\u00e1s que argumentos discursivos para criticar o alabar el resultado de dicho sondeo, seg\u00fan sea el caso. Pero no m\u00e1s.<\/p>\n\n\n\n<p>Ya tiene el tiempo encima y se sigue quedando cada vez m\u00e1s solo, pues muchos de sus antiguos aliados ya se est\u00e1n alineando a la otra opci\u00f3n que desliza L\u00f3pez Obrador.  Y de auditorio \u00abGuelaguetza\u00bb repleto por su \u00abinforme\u00bb no quedan m\u00e1s que unos cuantos&#8230;  y por supuesto opacidad en sus excesivos gastos.<\/p>\n\n\n\n<p>Y EL OPORTUNISTA<\/p>\n\n\n\n<p>Vilipendiado por los morenistas de cepa, Benjam\u00edn Robles Montoya se apresta tambi\u00e9n a ofrecer sus servicios a trav\u00e9s del PT e incluso, se pretende postular como candidato a gobernador por ese partido, as\u00ed no tenga militantes.<\/p>\n\n\n\n<p>S\u00f3lo que su jugada no es precisamente competir para ganar, sino competir para ver a qu\u00e9 pol\u00edtico incauto vende su proyecto (verbigracia Adelfo Regino). As\u00ed le ha hecho siempre; sin capital pol\u00edtico ni electoralmente rentable, juega todas sus canicas para seguir benefici\u00e1ndose junto con su familia de los cargos p\u00fablicos. Y as\u00ed seguir\u00e1.<\/p>\n\n\n\n<p>\u00bfY Susana Harp? Ni sufre ni se acongoja. Sigue haciendo lo mismo que desde que inici\u00f3 como senadora y acatando instrucciones del Presidente. No importa que cuando fue nombrada como candidata a senadora, dijo que no le interesaba.<\/p>\n\n\n\n<p>Por cierto, la semana pasada se difundi\u00f3 un supuesto documento de Morena, donde de acuerdo con sus proyecciones, a Oaxaca corresponder\u00eda candidata a gobernador.<\/p>\n","protected":false},"excerpt":{"rendered":"<p>Ismael Garc\u00eda M.\/Zona Roja. Oaxaca de Ju\u00e1rez, Oax., 5 de julio de 2021.- Tras haber&hellip;<\/p>\n","protected":false},"author":2,"featured_media":7610,"comment_status":"closed","ping_status":"open","sticky":false,"template":"","format":"standard","meta":{"_lmt_disableupdate":"","_lmt_disable":"","_jetpack_memberships_contains_paid_content":false,"footnotes":""},"categories":[456,109,48],"tags":[1353],"class_list":["post-29357","post","type-post","status-publish","format-standard","has-post-thumbnail","hentry","category-columna","category-minuto-a-minuto","category-zona-critica","tag-opinion-zona-critica"],"jetpack_featured_media_url":"https:\/\/zonaroja.com.mx\/wp-content\/uploads\/2020\/01\/Opini\u00f3n-Zona-Cr\u00edtica.jpg","jetpack_sharing_enabled":true,"_links":{"self":[{"href":"https:\/\/zonaroja.com.mx\/index.php?rest_route=\/wp\/v2\/posts\/29357","targetHints":{"allow":["GET"]}}],"collection":[{"href":"https:\/\/zonaroja.com.mx\/index.php?rest_route=\/wp\/v2\/posts"}],"about":[{"href":"https:\/\/zonaroja.com.mx\/index.php?rest_route=\/wp\/v2\/types\/post"}],"author":[{"embeddable":true,"href":"https:\/\/zonaroja.com.mx\/index.php?rest_route=\/wp\/v2\/users\/2"}],"replies":[{"embeddable":true,"href":"https:\/\/zonaroja.com.mx\/index.php?rest_route=%2Fwp%2Fv2%2Fcomments&post=29357"}],"version-history":[{"count":2,"href":"https:\/\/zonaroja.com.mx\/index.php?rest_route=\/wp\/v2\/posts\/29357\/revisions"}],"predecessor-version":[{"id":29359,"href":"https:\/\/zonaroja.com.mx\/index.php?rest_route=\/wp\/v2\/posts\/29357\/revisions\/29359"}],"wp:featuredmedia":[{"embeddable":true,"href":"https:\/\/zonaroja.com.mx\/index.php?rest_route=\/wp\/v2\/media\/7610"}],"wp:attachment":[{"href":"https:\/\/zonaroja.com.mx\/index.php?rest_route=%2Fwp%2Fv2%2Fmedia&parent=29357"}],"wp:term":[{"taxonomy":"category","embeddable":true,"href":"https:\/\/zonaroja.com.mx\/index.php?rest_route=%2Fwp%2Fv2%2Fcategories&post=29357"},{"taxonomy":"post_tag","embeddable":true,"href":"https:\/\/zonaroja.com.mx\/index.php?rest_route=%2Fwp%2Fv2%2Ftags&post=29357"}],"curies":[{"name":"wp","href":"https:\/\/api.w.org\/{rel}","templated":true}]}}