{"id":2936,"date":"2019-08-08T22:07:01","date_gmt":"2019-08-09T03:07:01","guid":{"rendered":"http:\/\/www.zonaroja.com.mx\/?p=2936"},"modified":"2019-08-08T22:07:19","modified_gmt":"2019-08-09T03:07:19","slug":"que-ruben-vasconcelos-se-aplique-y-de-resultados-seccion-22","status":"publish","type":"post","link":"https:\/\/zonaroja.com.mx\/?p=2936","title":{"rendered":"\u201cQue Rub\u00e9n Vasconcelos se aplique y d\u00e9 resultados\u201d: Secci\u00f3n 22"},"content":{"rendered":"\n<p>Ismael\nGarc\u00eda M.\/Zona Roja.<\/p>\n\n\n\n<p>Oaxaca de\nJu\u00e1rez, Oax., 8 de agosto de 2019.- Tras la liberaci\u00f3n de Arturo M. G., quien hab\u00eda\nsido detenido por el asesinato del profesor Guadalupe Cruz S\u00e1nchez en San\nAndr\u00e9s Huaxpaltepec, la Secci\u00f3n 22 del Sindicato Nacional de Trabajadores de la\nEducaci\u00f3n (SNTE) exigi\u00f3 a la Fiscal\u00eda General del Estado trabajar y dar\nresultados.<\/p>\n\n\n\n<p>\u201cEstamos viendo esa parte con la Fiscal\u00eda, estamos exigiendo a Rub\u00e9n Vasconcelos justicia para todos los asesinados, el caso de compa\u00f1ero Guadalupe no debe quedar impune\u201d, declar\u00f3 el secretario de Prensa y Propaganda de la gremial, Wilbert Santiago Valdivieso.<\/p>\n\n\n\n<figure class=\"wp-block-embed-twitter wp-block-embed is-type-rich is-provider-twitter\"><div class=\"wp-block-embed__wrapper\">\n<div class=\"twitter-tweet\"><blockquote class=\"twitter-tweet\" data-lang=\"es\"><p lang=\"es\" dir=\"ltr\"><a href=\"https:\/\/twitter.com\/hashtag\/OaxacaGris?src=hash&amp;ref_src=twsrc%5Etfw\">#OaxacaGris<\/a><br>\u201cEl caso del compa\u00f1ero Guadalupe Cruz S\u00e1nchez no debe quedar impune; la justicia se est\u00e1 quedando muy corta, hay dilaci\u00f3n&#8230; que la <a href=\"https:\/\/twitter.com\/FISCALIA_GobOax?ref_src=twsrc%5Etfw\">@FISCALIA_GobOax<\/a> se aplique\u201d, dice vocero de <a href=\"https:\/\/twitter.com\/SECCIONXXII?ref_src=twsrc%5Etfw\">@SECCIONXXII<\/a> respecto del caso del maestro asesinado en Huaxpaltepec, y que sigue impune. <a href=\"https:\/\/t.co\/0oBxIlPAIR\">pic.twitter.com\/0oBxIlPAIR<\/a><\/p>&mdash; Zona Roja Oaxaca (@MexRoja) <a href=\"https:\/\/twitter.com\/MexRoja\/status\/1159167842719109120?ref_src=twsrc%5Etfw\">7 de agosto de 2019<\/a><\/blockquote><\/div>\n<\/div><\/figure>\n\n\n\n<p>\u201cVemos que\nno hay justicia para el compa\u00f1ero, sus familiares, lamentamos que se haya\nllevado a cabo en un centro educativo.<\/p>\n\n\n\n<p>\u201cLamentablemente\nvemos que la justicia se est\u00e1 quedando muy corta, hay dilaci\u00f3n y lo que se est\u00e1\nexigiendo es que nuevamente la Fiscal\u00eda se aplique de manera puntual con todas\nlas evidencias\u201d, dijo en entrevista colectiva.<\/p>\n\n\n\n<p>Y es que al\ninicio de la semana, por considerar que no hab\u00eda pruebas s\u00f3lidas y el testigo\nera falso, un juez de la causa penal decret\u00f3 auto de libertad para el ganadero\nArturo M. G., quien hab\u00eda sido acusado de matar al profesor Guadalupe, ultimado\nel 21 de febrero de 2019 en el interior de la primaria \u201cBenito Ju\u00e1rez\u201d de\nHuaxpaltepec.<\/p>\n\n\n\n<p>El imputado\nhab\u00eda sido aprehendido el pasado 30 de julio.<\/p>\n","protected":false},"excerpt":{"rendered":"<p>Ismael Garc\u00eda M.\/Zona Roja. Oaxaca de Ju\u00e1rez, Oax., 8 de agosto de 2019.- Tras la&hellip;<\/p>\n","protected":false},"author":2,"featured_media":2937,"comment_status":"closed","ping_status":"open","sticky":false,"template":"","format":"standard","meta":{"_lmt_disableupdate":"","_lmt_disable":"","_jetpack_memberships_contains_paid_content":false,"footnotes":""},"categories":[109,47],"tags":[513],"class_list":["post-2936","post","type-post","status-publish","format-standard","has-post-thumbnail","hentry","category-minuto-a-minuto","category-zona-gris","tag-asesinato-profesor-san-andres-huaxpaltepec"],"jetpack_featured_media_url":"https:\/\/zonaroja.com.mx\/wp-content\/uploads\/2019\/08\/IMG_7008.jpg","jetpack_sharing_enabled":true,"_links":{"self":[{"href":"https:\/\/zonaroja.com.mx\/index.php?rest_route=\/wp\/v2\/posts\/2936","targetHints":{"allow":["GET"]}}],"collection":[{"href":"https:\/\/zonaroja.com.mx\/index.php?rest_route=\/wp\/v2\/posts"}],"about":[{"href":"https:\/\/zonaroja.com.mx\/index.php?rest_route=\/wp\/v2\/types\/post"}],"author":[{"embeddable":true,"href":"https:\/\/zonaroja.com.mx\/index.php?rest_route=\/wp\/v2\/users\/2"}],"replies":[{"embeddable":true,"href":"https:\/\/zonaroja.com.mx\/index.php?rest_route=%2Fwp%2Fv2%2Fcomments&post=2936"}],"version-history":[{"count":1,"href":"https:\/\/zonaroja.com.mx\/index.php?rest_route=\/wp\/v2\/posts\/2936\/revisions"}],"predecessor-version":[{"id":2938,"href":"https:\/\/zonaroja.com.mx\/index.php?rest_route=\/wp\/v2\/posts\/2936\/revisions\/2938"}],"wp:featuredmedia":[{"embeddable":true,"href":"https:\/\/zonaroja.com.mx\/index.php?rest_route=\/wp\/v2\/media\/2937"}],"wp:attachment":[{"href":"https:\/\/zonaroja.com.mx\/index.php?rest_route=%2Fwp%2Fv2%2Fmedia&parent=2936"}],"wp:term":[{"taxonomy":"category","embeddable":true,"href":"https:\/\/zonaroja.com.mx\/index.php?rest_route=%2Fwp%2Fv2%2Fcategories&post=2936"},{"taxonomy":"post_tag","embeddable":true,"href":"https:\/\/zonaroja.com.mx\/index.php?rest_route=%2Fwp%2Fv2%2Ftags&post=2936"}],"curies":[{"name":"wp","href":"https:\/\/api.w.org\/{rel}","templated":true}]}}