{"id":29366,"date":"2021-07-05T14:30:11","date_gmt":"2021-07-05T19:30:11","guid":{"rendered":"http:\/\/www.zonaroja.com.mx\/?p=29366"},"modified":"2021-07-05T14:30:12","modified_gmt":"2021-07-05T19:30:12","slug":"exhibiran-publicamente-a-deudores-de-pension-alimenticia-en-oaxaca","status":"publish","type":"post","link":"https:\/\/zonaroja.com.mx\/?p=29366","title":{"rendered":"Exhibir\u00e1n p\u00fablicamente a deudores de pensi\u00f3n alimenticia en Oaxaca"},"content":{"rendered":"\n<p>Evlin Arag\u00f3n\/Zona Roja.<\/p>\n\n\n\n<p>Oaxaca de Ju\u00e1rez, Oax., 5 de julio de 2021.- El pr\u00f3ximo lunes 12 de julio, en la explanada de Santo Domingo de Guzm\u00e1n, ciudad de Oaxaca, y en punto de las 17:00 horas, mujeres oaxaque\u00f1as expondr\u00e1n a los deudores de pensi\u00f3n alimenticia, tras una convocatoria que ha circulado a trav\u00e9s de las redes sociales.<\/p>\n\n\n\n<p>Se trata de una iniciativa para hacer visible en el estado la problem\u00e1tica, que es m\u00e1s recurrente de lo que se cree, en la que varones ausentes y machistas se desentienden de las necesidades de sus hijas e hijos, tras la separaci\u00f3n de sus parejas.<\/p>\n\n\n\n<p>\u201cDeudores al tendedero. Los deudores alimentarios tambi\u00e9n son agresores. No te quedes callada, no est\u00e1s sola\u201d, son parte de las consignas que se pueden ver en los carteles que forman parte de la campa\u00f1a en que tambi\u00e9n se invita a denunciar y llevar consigo una foto grande del var\u00f3n que quieran denunciar.<\/p>\n\n\n\n<p>La misma convocatoria explica a las mujeres que sus agresores no pueden denunciarlas por difamaci\u00f3n, toda vez que el delito esta despenalizado en Oaxaca y en la Rep\u00fablica Mexicana desde el 2007, debido a que se amenazaba el derecho a la libertad de expresi\u00f3n.<\/p>\n\n\n\n<p>En Oaxaca, desde el 15 de abril del 2018, el Congreso local aprob\u00f3 el Decreto 1468 por el cual se adicion\u00f3 el Cap\u00edtulo III denominado \u201cDel registro de deudores alimentarios morosos\u201d, al C\u00f3digo Civil del Estado de Oaxaca.<\/p>\n\n\n\n<p>Con lo anterior se emplaz\u00f3 al Registro Civil para que, en un plazo de seis meses, creara dicho instrumento e iniciara el registro de aquellas personas que, ante la falta de pago de pensi\u00f3n alimenticia, ejercen violencia contra las mujeres, ni\u00f1as y ni\u00f1os.<\/p>\n\n\n\n<p>De acuerdo con el protocolo ser\u00e1 el o la juez de lo familiar quien debe ordenar la inscripci\u00f3n en el Registro de Deudores Alimentarios Morosos, \u00e1rea administrativa del Registro Civil, que ser\u00e1 la instancia encargada de recabar los datos e incluso dar de baja a los deudores una vez que hayan liquidado el monto en cuesti\u00f3n.<\/p>\n\n\n\n<p>Al respecto, mediante un escueto comunicado de prensa y ante la inminente manifestaci\u00f3n del pr\u00f3ximo lunes, la dependencia indic\u00f3 que, desde el 2018, solo ha recibido una solicitud de certificado de deudores alimentarios morosos y nueve solicitudes, las cuales han sido debidamente inscritas, sin que hasta el momento se hayan recibido solicitudes de cancelaci\u00f3n de la inscripci\u00f3n.<\/p>\n\n\n\n<p>De la informaci\u00f3n remitida por las autoridades jurisdiccionales se recibieron dos solicitudes en el a\u00f1o 2019, cuatro en el 2020 y tres en el 2021.<\/p>\n\n\n\n<p>Pese a lo anterior y de acuerdo con la activista, Diana Luz V\u00e1zquez, son muchas las mujeres que no demandan a los deudores alimenticios, por razones diversas, sin dejar de nombrar el terrible camino que enfrentan cuando deciden iniciar con el proceso jur\u00eddico en contra de quienes fueron sus parejas sentimentales y son padres de su hijas e hijos.<\/p>\n\n\n\n<p>\u201cHay que ser muy miserables para a\u00fan con el ADN no quieras reconocer y hacerte cargo de tu hijo. As\u00ed muchos hombres. Pero hay que ser m\u00e1s miserable, para que a\u00fan, reconociendo a tus hij@s busques darles lo menos de tu salario, mintiendo sobre tus ingresos\u201d, posteo en su cuenta de Twitter.<\/p>\n\n\n\n<p>Por lo anterior invit\u00f3 a las mujeres a formar parte de la convocatoria y de la lucha por visibilizar este tipo de violencia.<\/p>\n","protected":false},"excerpt":{"rendered":"<p>Evlin Arag\u00f3n\/Zona Roja. Oaxaca de Ju\u00e1rez, Oax., 5 de julio de 2021.- El pr\u00f3ximo lunes&hellip;<\/p>\n","protected":false},"author":2,"featured_media":29367,"comment_status":"closed","ping_status":"open","sticky":false,"template":"","format":"standard","meta":{"_lmt_disableupdate":"","_lmt_disable":"","_jetpack_memberships_contains_paid_content":false,"footnotes":""},"categories":[109,47],"tags":[],"class_list":["post-29366","post","type-post","status-publish","format-standard","has-post-thumbnail","hentry","category-minuto-a-minuto","category-zona-gris"],"jetpack_featured_media_url":"https:\/\/zonaroja.com.mx\/wp-content\/uploads\/2021\/07\/Deudores-pension-alimenticia-1.jpeg","jetpack_sharing_enabled":true,"_links":{"self":[{"href":"https:\/\/zonaroja.com.mx\/index.php?rest_route=\/wp\/v2\/posts\/29366","targetHints":{"allow":["GET"]}}],"collection":[{"href":"https:\/\/zonaroja.com.mx\/index.php?rest_route=\/wp\/v2\/posts"}],"about":[{"href":"https:\/\/zonaroja.com.mx\/index.php?rest_route=\/wp\/v2\/types\/post"}],"author":[{"embeddable":true,"href":"https:\/\/zonaroja.com.mx\/index.php?rest_route=\/wp\/v2\/users\/2"}],"replies":[{"embeddable":true,"href":"https:\/\/zonaroja.com.mx\/index.php?rest_route=%2Fwp%2Fv2%2Fcomments&post=29366"}],"version-history":[{"count":1,"href":"https:\/\/zonaroja.com.mx\/index.php?rest_route=\/wp\/v2\/posts\/29366\/revisions"}],"predecessor-version":[{"id":29368,"href":"https:\/\/zonaroja.com.mx\/index.php?rest_route=\/wp\/v2\/posts\/29366\/revisions\/29368"}],"wp:featuredmedia":[{"embeddable":true,"href":"https:\/\/zonaroja.com.mx\/index.php?rest_route=\/wp\/v2\/media\/29367"}],"wp:attachment":[{"href":"https:\/\/zonaroja.com.mx\/index.php?rest_route=%2Fwp%2Fv2%2Fmedia&parent=29366"}],"wp:term":[{"taxonomy":"category","embeddable":true,"href":"https:\/\/zonaroja.com.mx\/index.php?rest_route=%2Fwp%2Fv2%2Fcategories&post=29366"},{"taxonomy":"post_tag","embeddable":true,"href":"https:\/\/zonaroja.com.mx\/index.php?rest_route=%2Fwp%2Fv2%2Ftags&post=29366"}],"curies":[{"name":"wp","href":"https:\/\/api.w.org\/{rel}","templated":true}]}}