{"id":29369,"date":"2021-07-05T15:22:50","date_gmt":"2021-07-05T20:22:50","guid":{"rendered":"http:\/\/www.zonaroja.com.mx\/?p=29369"},"modified":"2021-07-06T07:13:46","modified_gmt":"2021-07-06T12:13:46","slug":"detienen-a-dos-por-presunto-secuestro-y-feminicidio-de-ilse-giselle","status":"publish","type":"post","link":"https:\/\/zonaroja.com.mx\/?p=29369","title":{"rendered":"Detienen a dos por presunto secuestro y feminicidio de Ilse Giselle"},"content":{"rendered":"\n<p>Redacci\u00f3n\/Zona Roja.<\/p>\n\n\n\n<p>Oaxaca de Ju\u00e1rez, Oax., 5 de julio de 2021.- La Fiscal\u00eda General del Estado de Oaxaca detuvo a dos individuos por los delitos de privaci\u00f3n ilegal de la libertad y feminicidio de Ilse Giselle P. E. en la ciudad de Tuxtepec.<\/p>\n\n\n\n<p>De acuerdo con la causa penal 198\/2021, el 1 de julio de 2021, la v\u00edctima sali\u00f3 de su domicilio, momento que aprovecharon los imputados para privarla de su libertad y posteriormente privarla de la vida.<\/p>\n\n\n\n<p>Despu\u00e9s abandonaron el cuerpo en inmediaciones del bulevar S\u00f3stenes Bravo, perteneciente al municipio de San Juan Bautista Tuxtepec, confirm\u00f3 la Fiscal\u00eda General del Estado.<\/p>\n\n\n\n<p>En un comunicado, la instituci\u00f3n inform\u00f3 que elementos de la Agencia Estatal de Investigaciones (AEI) dieron cumplimiento a una orden de aprehensi\u00f3n dictada por el Juez de Control, en contra de A. C. M. (Alberto) y J. R. G. H (Jos\u00e9), como probables responsables de la privaci\u00f3n de la libertad y homicidio de una joven, que en vida respondi\u00f3 al nombre de I. G. P. E., cometido el 1 de julio de 2021, en San Juan Bautista Tuxtepec, regi\u00f3n de la Cuenca.<\/p>\n\n\n\n<p>La aprehensi\u00f3n de los imputados se realiz\u00f3 el 3 de julio, siendo presentados de forma inmediata ante la autoridad judicial que los requiri\u00f3, dando cumplimiento a la orden de aprehensi\u00f3n girada en su contra.<\/p>\n\n\n\n<p>Expuso que ante estos hechos, la Instituci\u00f3n de procuraci\u00f3n de justicia \u2013a trav\u00e9s de la Vicefiscal\u00eda Regional de la Cuenca- inici\u00f3 una exhaustiva investigaci\u00f3n mediante su cuerpo multidisciplinario, logrando la identificaci\u00f3n, ubicaci\u00f3n y aprehensi\u00f3n de los probables responsables.<\/p>\n\n\n\n<p>En audiencia, los imputados se acogieron al t\u00e9rmino constitucional, mismo que fenece el pr\u00f3ximo 8 de julio, quedando en tanto en prisi\u00f3n preventiva.<\/p>\n\n\n\n<p>Este domingo, convocados por la asociaci\u00f3n feminista Tuxfem, cientos de personas marcharon por las calles de Tuxtepec, para exigir un alto a la desaparici\u00f3n de mujeres y castigo a los responsables de los cr\u00edmenes y de la ola de violencia en contra de ellas.<\/p>\n","protected":false},"excerpt":{"rendered":"<p>Redacci\u00f3n\/Zona Roja. Oaxaca de Ju\u00e1rez, Oax., 5 de julio de 2021.- La Fiscal\u00eda General del&hellip;<\/p>\n","protected":false},"author":2,"featured_media":29370,"comment_status":"closed","ping_status":"open","sticky":false,"template":"","format":"standard","meta":{"_lmt_disableupdate":"","_lmt_disable":"","_jetpack_memberships_contains_paid_content":false,"footnotes":""},"categories":[109,47],"tags":[],"class_list":["post-29369","post","type-post","status-publish","format-standard","has-post-thumbnail","hentry","category-minuto-a-minuto","category-zona-gris"],"jetpack_featured_media_url":"https:\/\/zonaroja.com.mx\/wp-content\/uploads\/2021\/07\/Protestas-feminicidios-mujeres-Tuxtepec.jpg","jetpack_sharing_enabled":true,"_links":{"self":[{"href":"https:\/\/zonaroja.com.mx\/index.php?rest_route=\/wp\/v2\/posts\/29369","targetHints":{"allow":["GET"]}}],"collection":[{"href":"https:\/\/zonaroja.com.mx\/index.php?rest_route=\/wp\/v2\/posts"}],"about":[{"href":"https:\/\/zonaroja.com.mx\/index.php?rest_route=\/wp\/v2\/types\/post"}],"author":[{"embeddable":true,"href":"https:\/\/zonaroja.com.mx\/index.php?rest_route=\/wp\/v2\/users\/2"}],"replies":[{"embeddable":true,"href":"https:\/\/zonaroja.com.mx\/index.php?rest_route=%2Fwp%2Fv2%2Fcomments&post=29369"}],"version-history":[{"count":2,"href":"https:\/\/zonaroja.com.mx\/index.php?rest_route=\/wp\/v2\/posts\/29369\/revisions"}],"predecessor-version":[{"id":29400,"href":"https:\/\/zonaroja.com.mx\/index.php?rest_route=\/wp\/v2\/posts\/29369\/revisions\/29400"}],"wp:featuredmedia":[{"embeddable":true,"href":"https:\/\/zonaroja.com.mx\/index.php?rest_route=\/wp\/v2\/media\/29370"}],"wp:attachment":[{"href":"https:\/\/zonaroja.com.mx\/index.php?rest_route=%2Fwp%2Fv2%2Fmedia&parent=29369"}],"wp:term":[{"taxonomy":"category","embeddable":true,"href":"https:\/\/zonaroja.com.mx\/index.php?rest_route=%2Fwp%2Fv2%2Fcategories&post=29369"},{"taxonomy":"post_tag","embeddable":true,"href":"https:\/\/zonaroja.com.mx\/index.php?rest_route=%2Fwp%2Fv2%2Ftags&post=29369"}],"curies":[{"name":"wp","href":"https:\/\/api.w.org\/{rel}","templated":true}]}}