{"id":29372,"date":"2021-07-05T16:07:41","date_gmt":"2021-07-05T21:07:41","guid":{"rendered":"http:\/\/www.zonaroja.com.mx\/?p=29372"},"modified":"2021-07-05T16:07:45","modified_gmt":"2021-07-05T21:07:45","slug":"oaxaca-un-caos-por-bloqueos-y-protestas-y-la-segego","status":"publish","type":"post","link":"https:\/\/zonaroja.com.mx\/?p=29372","title":{"rendered":"Oaxaca un caos, por bloqueos y protestas; \u00bfy la Segego?"},"content":{"rendered":"\n<p>Redacci\u00f3n\/Zona Roja.<\/p>\n\n\n\n<p>Oaxaca de Ju\u00e1rez, Oax., 5 de julio de 2021.- La semana inici\u00f3 con m\u00faltiples bloqueos y protestas en la capital de Oaxaca y en el interior del estado, sin atenci\u00f3n previa ni posterior de la Secretar\u00eda General de Gobierno (Segego).<\/p>\n\n\n\n<p>Pese a que lo anunci\u00f3 desde la semana pasada, el Movimiento de Unificaci\u00f3n y Lucha Triqui (MULT) no recibi\u00f3 atenci\u00f3n, por lo que desde las seis de la ma\u00f1ana inici\u00f3 una serie de movilizaciones.<\/p>\n\n\n\n<p>En la Mixteca como en las regiones Valles Centrales, Cuenca, Costa, Sierra Sur y Ca\u00f1ada, entre otros, hubo cierres intermitentes a vialidades, para exigir justicia por m\u00e1s de 400 cr\u00edmenes en contra de militantes de dicha organizaci\u00f3n, inform\u00f3 su dirigente Rogelio Pensamiento Mesinas.<\/p>\n\n\n\n<p>Los m\u00e1s recientes casos, el doblo homicidio de profesores ind\u00edgenas, en Constancia del Rosario, Putla, de lo cual a\u00fan no hay ning\u00fan detenido.<\/p>\n\n\n\n<p>En la capital, por la ma\u00f1ana los militantes del MULT marcharon hacia la Casa Oficial, en la avenida Ju\u00e1rez, donde mantienen un \u201cplant\u00f3n\u201d y cierre de la calle.<\/p>\n\n\n\n<p>TAMBI\u00c9N QUIATINO<\/p>\n\n\n\n<p>En tanto que en caravana, pobladores de San Pedro Quiatoni, Tlacolula, arribaron a la sede del Poder Judicial de la Federaci\u00f3n, en San Bartolo Coyotepec, donde exigen la anulaci\u00f3n de contratos a empresas mineras extranjeras, que extraen sus recursos naturales.<\/p>\n\n\n\n<p>Denuncian que la compa\u00f1\u00eda canadiense Don David Gold contamina suelos y aguas de dicha poblaci\u00f3n; pese a amparos y denuncias, a\u00fan no se ha procedido en contra de ellos.<\/p>\n\n\n\n<p>HASTA EL FP 14 DE JUNIO<\/p>\n\n\n\n<p>En tanto que habitantes de Santa Cruz Xoxocotl\u00e1n, la mayor\u00eda de ellos mototaxistas, afiliados al Frente Popular \u201c14 de Junio\u201d, bloquean la calle donde se ubica la sede de la Defensor\u00eda de los Derechos Humanos, tras marchar desde el parque del Amor de la capital.<\/p>\n\n\n\n<p>Exigen se respeten las garant\u00edas de dos presuntos delincuentes, detenidos la semana pasada por elementos de la Polic\u00eda Estatal, y que sean liberados.<\/p>\n\n\n\n<p>Mientras que en el z\u00f3calo, un grupo de ambientalistas dio una conferencia de prensa para denunciar que el Gobierno del Estado pretende derribar almenos mil 500 \u00e1rboles, para ampliar a ocho carriles la avenida S\u00edmbolos Patrios, que conduce al aeropuerto internacional.<\/p>\n\n\n\n<p>En tanto que en Santa Cruz Xoxocotl\u00e1n, trabajadores que ganaron un laudo acusan que el edil perredista Alejandro L\u00f3pez Jarqu\u00edn simul\u00f3 una protesta de mototaxistas, para no atender a los afectados, que demandan el pago logrado.<\/p>\n","protected":false},"excerpt":{"rendered":"<p>Redacci\u00f3n\/Zona Roja. Oaxaca de Ju\u00e1rez, Oax., 5 de julio de 2021.- La semana inici\u00f3 con&hellip;<\/p>\n","protected":false},"author":2,"featured_media":29374,"comment_status":"closed","ping_status":"open","sticky":false,"template":"","format":"standard","meta":{"_lmt_disableupdate":"","_lmt_disable":"","_jetpack_memberships_contains_paid_content":false,"footnotes":""},"categories":[109,47],"tags":[2254],"class_list":["post-29372","post","type-post","status-publish","format-standard","has-post-thumbnail","hentry","category-minuto-a-minuto","category-zona-gris","tag-protestas-y-bloqueos-oaxaca"],"jetpack_featured_media_url":"https:\/\/zonaroja.com.mx\/wp-content\/uploads\/2021\/07\/Protesta-Quiatoni-1.jpg","jetpack_sharing_enabled":true,"_links":{"self":[{"href":"https:\/\/zonaroja.com.mx\/index.php?rest_route=\/wp\/v2\/posts\/29372","targetHints":{"allow":["GET"]}}],"collection":[{"href":"https:\/\/zonaroja.com.mx\/index.php?rest_route=\/wp\/v2\/posts"}],"about":[{"href":"https:\/\/zonaroja.com.mx\/index.php?rest_route=\/wp\/v2\/types\/post"}],"author":[{"embeddable":true,"href":"https:\/\/zonaroja.com.mx\/index.php?rest_route=\/wp\/v2\/users\/2"}],"replies":[{"embeddable":true,"href":"https:\/\/zonaroja.com.mx\/index.php?rest_route=%2Fwp%2Fv2%2Fcomments&post=29372"}],"version-history":[{"count":1,"href":"https:\/\/zonaroja.com.mx\/index.php?rest_route=\/wp\/v2\/posts\/29372\/revisions"}],"predecessor-version":[{"id":29375,"href":"https:\/\/zonaroja.com.mx\/index.php?rest_route=\/wp\/v2\/posts\/29372\/revisions\/29375"}],"wp:featuredmedia":[{"embeddable":true,"href":"https:\/\/zonaroja.com.mx\/index.php?rest_route=\/wp\/v2\/media\/29374"}],"wp:attachment":[{"href":"https:\/\/zonaroja.com.mx\/index.php?rest_route=%2Fwp%2Fv2%2Fmedia&parent=29372"}],"wp:term":[{"taxonomy":"category","embeddable":true,"href":"https:\/\/zonaroja.com.mx\/index.php?rest_route=%2Fwp%2Fv2%2Fcategories&post=29372"},{"taxonomy":"post_tag","embeddable":true,"href":"https:\/\/zonaroja.com.mx\/index.php?rest_route=%2Fwp%2Fv2%2Ftags&post=29372"}],"curies":[{"name":"wp","href":"https:\/\/api.w.org\/{rel}","templated":true}]}}