{"id":29379,"date":"2021-07-05T19:46:13","date_gmt":"2021-07-06T00:46:13","guid":{"rendered":"http:\/\/www.zonaroja.com.mx\/?p=29379"},"modified":"2021-07-05T19:46:17","modified_gmt":"2021-07-06T00:46:17","slug":"abogados-denuncian-violencia-de-genero-en-designacion-de-magistrados","status":"publish","type":"post","link":"https:\/\/zonaroja.com.mx\/?p=29379","title":{"rendered":"Abogados denuncian violencia de g\u00e9nero en designaci\u00f3n de magistrados"},"content":{"rendered":"\n<p>Evlin Arag\u00f3n\/Zona Roja.<\/p>\n\n\n\n<p>Oaxaca de Ju\u00e1rez, Oax., 5 de julio de 2021.- Integrantes de la Barra Mixta de Procuradores de Justicia; Praxis Universitaria, Catedr\u00e1ticos, Estudiantes y Sociedad Unidos por la Justicia, adem\u00e1s del abogado \u00c1ngel Garc\u00eda Garc\u00eda denunciaron violencia de g\u00e9nero en la designaci\u00f3n de Abraham Isaac Soriano Reyes como magistrado.<\/p>\n\n\n\n<p>En conferencia de prensa la ma\u00f1ana de hoy, indicaron que, la citada designaci\u00f3n, constituye una violaci\u00f3n a los derechos contra la mujer, violencia de g\u00e9nero y nula independencia judicial, toda vez que invisibiliz\u00f3 a Jessica Maribel Arango Bravo, \u00fanica mujer que se encontraba en la terna.<\/p>\n\n\n\n<p>Lo anterior pese a que \u00e9sta es la \u00fanica que cuenta con amplios estudios como el Doctorado en Derecho con Menci\u00f3n Honor\u00edfica, obra publicada de relevancia hist\u00f3rica y carrera judicial consolidada.<\/p>\n\n\n\n<p>No obstante, el gobernador de Oaxaca incumpli\u00f3 con el mandato constitucional e internacional de equidad de g\u00e9nero y paridad, invisibilizando a las mujeres, a pesar de tener la obligaci\u00f3n constitucional de atender en la deisgnaci\u00f3n a las mujeres como sector hist\u00f3ricamente vulnerado.<\/p>\n\n\n\n<p>Lo anterior, sin tomar en cuenta que, en la actualidad el Tribunal Superior de Justicia del Estado de Oaxaca se encuentra integrado por siete magistradas y 22 magistrados, lo que representa el 24 por ciento de mujeres, frente a un 76 por ciento de varones.<\/p>\n\n\n\n<figure class=\"wp-block-embed-twitter wp-block-embed is-type-rich is-provider-twitter\"><div class=\"wp-block-embed__wrapper\">\n<div class=\"twitter-tweet\"><blockquote class=\"twitter-tweet\" data-lang=\"es\"><p lang=\"es\" dir=\"ltr\"><a href=\"https:\/\/twitter.com\/hashtag\/%C3%9AltimoMinuto?src=hash&amp;ref_src=twsrc%5Etfw\">#\u00daltimoMinuto<\/a> <br>Abogados del estado de <a href=\"https:\/\/twitter.com\/hashtag\/Oaxaca?src=hash&amp;ref_src=twsrc%5Etfw\">#Oaxaca<\/a> dieron a conocer que presentaron un amparo por la designaci\u00f3n de varones en las vacantes de magistrados del Poder Judicial; lamentaron la violencia de g\u00e9nero contra la jueza que ha criticado las designaciones. <a href=\"https:\/\/t.co\/GVPelBb8Fj\">pic.twitter.com\/GVPelBb8Fj<\/a><\/p>&mdash; Zona Roja Oaxaca (@Zona_Roja_Oax) <a href=\"https:\/\/twitter.com\/Zona_Roja_Oax\/status\/1412102292476764160?ref_src=twsrc%5Etfw\">5 de julio de 2021<\/a><\/blockquote><\/div>\n<\/div><\/figure>\n\n\n\n<p>\u201cEvidenciando la recurrente violencia estructural y sistem\u00e1tica que se vive por parte de las instituciones del Estado Mexicano, por designar a dos hombres en las vacantes ofertadas\u201d, cita el documento emitido.<\/p>\n\n\n\n<p>As\u00ed mismo, explicaron que Soriano Reyes est\u00e1 impedido constitucionalmente para ser designado como magistrado al haber sido integrante del Consejo de la Judicatura del Estado de Oaxaca, lo anterior de acuerdo con el art\u00edculo 100, fracci\u00f3n VI de la Constituci\u00f3n local.<\/p>\n\n\n\n<p>Sumado a que ejerci\u00f3 doble cargo desde su designaci\u00f3n por el Ejecutivo, toda vez que aunque fue designado como magistrado el 4 de mayo, esper\u00f3 hasta el 12 del mismo mes para que le pagaran su salario de consejero e incluso su aguinaldo, lo cual constituye un delito.<\/p>\n\n\n\n<p>\u201cCon todo eso en contra, fue una decisi\u00f3n&nbsp; soberana le llama el Ejecutivo, designar a Abraham Isaac Soriano Reyes, aun cuando constitucionalmente es imposible, sustentando entonces un acto arbitrario, ilegal, inconstitucional y violatorio de derechos humanos, discriminatorio principalmente contra las mujeres y contra su competidora\u201d, manifestaron.<\/p>\n","protected":false},"excerpt":{"rendered":"<p>Evlin Arag\u00f3n\/Zona Roja. Oaxaca de Ju\u00e1rez, Oax., 5 de julio de 2021.- Integrantes de la&hellip;<\/p>\n","protected":false},"author":2,"featured_media":29380,"comment_status":"closed","ping_status":"open","sticky":false,"template":"","format":"standard","meta":{"_lmt_disableupdate":"","_lmt_disable":"","_jetpack_memberships_contains_paid_content":false,"footnotes":""},"categories":[109,46],"tags":[223],"class_list":["post-29379","post","type-post","status-publish","format-standard","has-post-thumbnail","hentry","category-minuto-a-minuto","category-zona-blanca","tag-poder-judicial-de-oaxaca"],"jetpack_featured_media_url":"https:\/\/zonaroja.com.mx\/wp-content\/uploads\/2021\/07\/Conferencia-abogados-caso-magistrados.jpg","jetpack_sharing_enabled":true,"_links":{"self":[{"href":"https:\/\/zonaroja.com.mx\/index.php?rest_route=\/wp\/v2\/posts\/29379","targetHints":{"allow":["GET"]}}],"collection":[{"href":"https:\/\/zonaroja.com.mx\/index.php?rest_route=\/wp\/v2\/posts"}],"about":[{"href":"https:\/\/zonaroja.com.mx\/index.php?rest_route=\/wp\/v2\/types\/post"}],"author":[{"embeddable":true,"href":"https:\/\/zonaroja.com.mx\/index.php?rest_route=\/wp\/v2\/users\/2"}],"replies":[{"embeddable":true,"href":"https:\/\/zonaroja.com.mx\/index.php?rest_route=%2Fwp%2Fv2%2Fcomments&post=29379"}],"version-history":[{"count":1,"href":"https:\/\/zonaroja.com.mx\/index.php?rest_route=\/wp\/v2\/posts\/29379\/revisions"}],"predecessor-version":[{"id":29381,"href":"https:\/\/zonaroja.com.mx\/index.php?rest_route=\/wp\/v2\/posts\/29379\/revisions\/29381"}],"wp:featuredmedia":[{"embeddable":true,"href":"https:\/\/zonaroja.com.mx\/index.php?rest_route=\/wp\/v2\/media\/29380"}],"wp:attachment":[{"href":"https:\/\/zonaroja.com.mx\/index.php?rest_route=%2Fwp%2Fv2%2Fmedia&parent=29379"}],"wp:term":[{"taxonomy":"category","embeddable":true,"href":"https:\/\/zonaroja.com.mx\/index.php?rest_route=%2Fwp%2Fv2%2Fcategories&post=29379"},{"taxonomy":"post_tag","embeddable":true,"href":"https:\/\/zonaroja.com.mx\/index.php?rest_route=%2Fwp%2Fv2%2Ftags&post=29379"}],"curies":[{"name":"wp","href":"https:\/\/api.w.org\/{rel}","templated":true}]}}