{"id":29382,"date":"2021-07-05T20:33:31","date_gmt":"2021-07-06T01:33:31","guid":{"rendered":"http:\/\/www.zonaroja.com.mx\/?p=29382"},"modified":"2021-07-05T20:33:33","modified_gmt":"2021-07-06T01:33:33","slug":"detienen-a-cardenas-palomino-ex-colaborador-de-garcia-luna","status":"publish","type":"post","link":"https:\/\/zonaroja.com.mx\/?p=29382","title":{"rendered":"Detienen a C\u00e1rdenas Palomino, ex colaborador de Garc\u00eda Luna"},"content":{"rendered":"\n<p>Redacci\u00f3n\/Zona Roja Cdmx.<\/p>\n\n\n\n<p>Ciudad de M\u00e9xico, 5 de julio de 2021.- Las autoridades mexicanas detuvieron este lunes, acusado de tortura en el caso Florence Cassez, a Luis C\u00e1rdenas Palomino, un ex alto mando estrechamente vinculado a Genaro Garc\u00eda Luna, exsecretario de Seguridad P\u00fablica, hoy preso en Estados Unidos por sus v\u00ednculos con el narcotr\u00e1fico.<\/p>\n\n\n\n<p>\u201cEste d\u00eda se cumpliment\u00f3 orden de aprehensi\u00f3n por el delito de tortura en contra de Luis \u2018C\u2019, en la Ciudad de M\u00e9xico, con el apoyo de la Secretar\u00eda de Marina, la Coordinaci\u00f3n Nacional Antisecuestro (Conase) y el Centro Nacional de Inteligencia\u201d, inform\u00f3 la Fiscal\u00eda General de la Rep\u00fablica (FGR) en un mensaje de Twitter.<\/p>\n\n\n\n<p>Adem\u00e1s, tambi\u00e9n se habr\u00eda ordenado la detenci\u00f3n de otros exfuncionarios de la extinta Polic\u00eda Federal por las torturas cometidas contra supuestos integrantes de la banda de Los Zodiaco en 2012.<\/p>\n\n\n\n<p>El acusado C\u00e1rdenas Palomino fue detenido en un fraccionamiento de Naucalpan, Estado de M\u00e9xico.<\/p>\n\n\n\n<p>El mexicano Israel Vallarta y su novia de entonces, la francesa Florence Cassez, fueron arrestados en diciembre de 2005 en una finca a las afueras de la capital mexicana acusados de liderar la banda de secuestradores de \u201cLos Zodiaco\u201d.<\/p>\n\n\n\n<p>Horas despu\u00e9s de la detenci\u00f3n de ambos, las autoridades prepararon un montaje para mostrar en vivo en televisi\u00f3n un operativo como si fuera en ese momento la aprehensi\u00f3n.<\/p>\n\n\n\n<p>Tras un conflicto diplom\u00e1tico entre Francia y M\u00e9xico, la francesa Cassez fue liberada en 2013 por violaci\u00f3n de sus derechos, pero Vallarta no corri\u00f3 la misma suerte y sigue encerrado sin juicio m\u00e1s de 15 a\u00f1os despu\u00e9s.<\/p>\n\n\n\n<p>En julio de 2020, Luis C\u00e1rdenas Palomino y Ram\u00f3n Peque\u00f1o Garc\u00eda, dos ex altos oficiales de seguridad p\u00fablica de M\u00e9xico, fueron acusados en una corte federal en Nueva York de tres cargos de conspirar para el tr\u00e1fico de coca\u00edna, en colaboraci\u00f3n con el C\u00e1rtel de Sinaloa.<\/p>\n\n\n\n<p>D\u00edas despu\u00e9s, el gobierno mexicano congel\u00f3 las cuentas de Luis C\u00e1rdenas Palomino y Ram\u00f3n Peque\u00f1o Garc\u00eda, seg\u00fan inform\u00f3 la Unidad de Inteligencia Financiera (UIF).<\/p>\n\n\n\n<p>CERCANO A GARC\u00cdA LUNA<\/p>\n\n\n\n<p>C\u00e1rdenas Palomino fue uno de los hombres m\u00e1s cercanos de Genaro Garc\u00eda Luna, que fue secretario de Seguridad durante el Gobierno de Felipe Calder\u00f3n (2006-2012) y hoy enfrenta preso cinco cargos vinculados al narcotr\u00e1fico en Estados Unidos, mientras espera su juicio ante una corte federal de Estados Unidos.<\/p>\n\n\n\n<p>Licenciado en la Universidad del Valle en Derecho, C\u00e1rdenas Palomino fue director de Seguridad Regional de la Polic\u00eda Federal.<\/p>\n\n\n\n<p>Antes, trabaj\u00f3 varios a\u00f1os en el entonces Centro de Investigaci\u00f3n y Seguridad Nacional (Cisen) y alrededor de una d\u00e9cada en la Procuradur\u00eda General de la Rep\u00fablica (PGR), donde asumi\u00f3 importantes cargos como el de director de Investigaci\u00f3n Policial de la Agencia Federal de Investigaci\u00f3n (AFI).<\/p>\n\n\n\n<p>Con la llegada del Felipe Calder\u00f3n a la presidencia de M\u00e9xico en 2006 asumi\u00f3 varios cargos dentro de la Secretar\u00eda de Seguridad P\u00fablica Federal. Entre ellos, el cargo de Seguridad Regional o el de coordinador de Inteligencia para la Prevenci\u00f3n del Delito.<\/p>\n\n\n\n<p>(Informaci\u00f3n de la agencia EFE y Forbes M\u00e9xico)<\/p>\n","protected":false},"excerpt":{"rendered":"<p>Redacci\u00f3n\/Zona Roja Cdmx. Ciudad de M\u00e9xico, 5 de julio de 2021.- Las autoridades mexicanas detuvieron&hellip;<\/p>\n","protected":false},"author":2,"featured_media":29383,"comment_status":"closed","ping_status":"open","sticky":false,"template":"","format":"standard","meta":{"_lmt_disableupdate":"","_lmt_disable":"","_jetpack_memberships_contains_paid_content":false,"footnotes":""},"categories":[109,47],"tags":[2781],"class_list":["post-29382","post","type-post","status-publish","format-standard","has-post-thumbnail","hentry","category-minuto-a-minuto","category-zona-gris","tag-luis-cardenas-palomino"],"jetpack_featured_media_url":"https:\/\/zonaroja.com.mx\/wp-content\/uploads\/2021\/07\/Luis-Cardenas-Palomino-detenido.jpg","jetpack_sharing_enabled":true,"_links":{"self":[{"href":"https:\/\/zonaroja.com.mx\/index.php?rest_route=\/wp\/v2\/posts\/29382","targetHints":{"allow":["GET"]}}],"collection":[{"href":"https:\/\/zonaroja.com.mx\/index.php?rest_route=\/wp\/v2\/posts"}],"about":[{"href":"https:\/\/zonaroja.com.mx\/index.php?rest_route=\/wp\/v2\/types\/post"}],"author":[{"embeddable":true,"href":"https:\/\/zonaroja.com.mx\/index.php?rest_route=\/wp\/v2\/users\/2"}],"replies":[{"embeddable":true,"href":"https:\/\/zonaroja.com.mx\/index.php?rest_route=%2Fwp%2Fv2%2Fcomments&post=29382"}],"version-history":[{"count":1,"href":"https:\/\/zonaroja.com.mx\/index.php?rest_route=\/wp\/v2\/posts\/29382\/revisions"}],"predecessor-version":[{"id":29384,"href":"https:\/\/zonaroja.com.mx\/index.php?rest_route=\/wp\/v2\/posts\/29382\/revisions\/29384"}],"wp:featuredmedia":[{"embeddable":true,"href":"https:\/\/zonaroja.com.mx\/index.php?rest_route=\/wp\/v2\/media\/29383"}],"wp:attachment":[{"href":"https:\/\/zonaroja.com.mx\/index.php?rest_route=%2Fwp%2Fv2%2Fmedia&parent=29382"}],"wp:term":[{"taxonomy":"category","embeddable":true,"href":"https:\/\/zonaroja.com.mx\/index.php?rest_route=%2Fwp%2Fv2%2Fcategories&post=29382"},{"taxonomy":"post_tag","embeddable":true,"href":"https:\/\/zonaroja.com.mx\/index.php?rest_route=%2Fwp%2Fv2%2Ftags&post=29382"}],"curies":[{"name":"wp","href":"https:\/\/api.w.org\/{rel}","templated":true}]}}