{"id":29385,"date":"2021-07-05T20:50:33","date_gmt":"2021-07-06T01:50:33","guid":{"rendered":"http:\/\/www.zonaroja.com.mx\/?p=29385"},"modified":"2021-07-05T20:50:35","modified_gmt":"2021-07-06T01:50:35","slug":"demanda-diputada-a-titular-del-ioam-garantizar-atencion-integral-a-repatriados","status":"publish","type":"post","link":"https:\/\/zonaroja.com.mx\/?p=29385","title":{"rendered":"Demanda diputada a titular del IOAM garantizar atenci\u00f3n integral a repatriados"},"content":{"rendered":"\n<p>Redacci\u00f3n\/Zona Roja.<\/p>\n\n\n\n<p>Oaxaca de Ju\u00e1rez, Oax.., 5 de julio de 2021.- La diputada Magaly L\u00f3pez Dom\u00ednguez propuso al Congreso local, exhortar a la titular del Instituto Oaxaque\u00f1o de Atenci\u00f3n al Migrante (IOAM) A\u00edda Ru\u00edz Garc\u00eda, a llevar a cabo en la entidad, la \u201cEstrategia interinstitucional de atenci\u00f3n integral a familias mexicanas repatriadas y en retorno\u201d, dise\u00f1ada por el gobierno federal.<\/p>\n\n\n\n<p>Iniciativa que tiene como objetivo, impulsar y fortalecer las acciones en cada una de las fases del ciclo de retorno y repatriaci\u00f3n de ciudadanas y ciudadanos provenientes de Estados Unidos, para su acceso a programas y servicios que faciliten su salida, ingreso y reintegraci\u00f3n.<\/p>\n\n\n\n<p>La legisladora por Morena indic\u00f3 que el llamado surge debido a que el trabajo que realiza el IOAM, ha sido por dem\u00e1s gris y poco apegado a los nuevos est\u00e1ndares de derechos humanos.<\/p>\n\n\n\n<p>Por ello, se le solicita a la funcionaria p\u00fablica, se coordine con el gobierno federal, a fin de hacer factible y lograr la efectividad de los derechos humanos, as\u00ed como el desarrollo econ\u00f3mico, la inclusi\u00f3n financiera y laboral de las personas oaxaque\u00f1as repatriadas y en retorno, con una perspectiva de derechos humanos, intercultural y de g\u00e9nero.<\/p>\n\n\n\n<p>Adem\u00e1s, le pide elaborar protocolos de actuaci\u00f3n en los casos de ni\u00f1os, ni\u00f1as y adolescentes no acompa\u00f1ados o v\u00edctimas de delitos repatriados y en retorno. De igual forma solicita el acompa\u00f1amiento para los casos de personas desaparecidas y atenci\u00f3n a familiares, los cuales deber\u00e1n contar con una perspectiva intercultural.<\/p>\n\n\n\n<p>A trav\u00e9s del exhorto legislativo, le requiere al Instituto Oaxaque\u00f1o de Atenci\u00f3n al Migrante (IOAM) realizar estudios serios e investigaciones con perspectiva de derechos humanos sobre el fen\u00f3meno migratorio en Oaxaca.<\/p>\n\n\n\n<p>Lo anterior con la finalidad de dejar de \u201cadministrar la migraci\u00f3n\u201d y a atacar las causas principales de dicho fen\u00f3meno, en virtud del principio rector del Gobierno federal \u201cNo m\u00e1s migraci\u00f3n por hambre o por violencia\u201d.<\/p>\n\n\n\n<p>La congresista expuso que, el acuerdo en menci\u00f3n, enmarca la importancia de la coordinaci\u00f3n y la suma de acciones y esfuerzos de las dependencias de la administraci\u00f3n p\u00fablica federal, estatal y municipal, las cuales, desde los distintos sectores y competencias, deben promover, respetar, proteger y garantizar los derechos de las personas migrantes en retorno.<\/p>\n\n\n\n<p>Dentro de los cuales destacan, el acceso a la educaci\u00f3n, a la salud, al desarrollo econ\u00f3mico, a la inclusi\u00f3n financiera y laboral, entre otros, contribuyendo a la atenci\u00f3n de sus necesidades prioritarias en el corto y mediano plazo.<\/p>\n\n\n\n<p>El exhorto, presentado por la diputada Magaly L\u00f3pez Dom\u00ednguez, integrante del Grupo Parlamentario Morena, fue turnado a la Comisi\u00f3n Permanente respectiva para su an\u00e1lisis y dictamen.<\/p>\n","protected":false},"excerpt":{"rendered":"<p>Redacci\u00f3n\/Zona Roja. Oaxaca de Ju\u00e1rez, Oax.., 5 de julio de 2021.- La diputada Magaly L\u00f3pez&hellip;<\/p>\n","protected":false},"author":2,"featured_media":29386,"comment_status":"closed","ping_status":"open","sticky":false,"template":"","format":"standard","meta":{"_lmt_disableupdate":"","_lmt_disable":"","_jetpack_memberships_contains_paid_content":false,"footnotes":""},"categories":[109,46],"tags":[192],"class_list":["post-29385","post","type-post","status-publish","format-standard","has-post-thumbnail","hentry","category-minuto-a-minuto","category-zona-blanca","tag-diputada-magaly-lopez-dominguez"],"jetpack_featured_media_url":"https:\/\/zonaroja.com.mx\/wp-content\/uploads\/2021\/07\/Magaly-Lopez-1.jpg","jetpack_sharing_enabled":true,"_links":{"self":[{"href":"https:\/\/zonaroja.com.mx\/index.php?rest_route=\/wp\/v2\/posts\/29385","targetHints":{"allow":["GET"]}}],"collection":[{"href":"https:\/\/zonaroja.com.mx\/index.php?rest_route=\/wp\/v2\/posts"}],"about":[{"href":"https:\/\/zonaroja.com.mx\/index.php?rest_route=\/wp\/v2\/types\/post"}],"author":[{"embeddable":true,"href":"https:\/\/zonaroja.com.mx\/index.php?rest_route=\/wp\/v2\/users\/2"}],"replies":[{"embeddable":true,"href":"https:\/\/zonaroja.com.mx\/index.php?rest_route=%2Fwp%2Fv2%2Fcomments&post=29385"}],"version-history":[{"count":1,"href":"https:\/\/zonaroja.com.mx\/index.php?rest_route=\/wp\/v2\/posts\/29385\/revisions"}],"predecessor-version":[{"id":29387,"href":"https:\/\/zonaroja.com.mx\/index.php?rest_route=\/wp\/v2\/posts\/29385\/revisions\/29387"}],"wp:featuredmedia":[{"embeddable":true,"href":"https:\/\/zonaroja.com.mx\/index.php?rest_route=\/wp\/v2\/media\/29386"}],"wp:attachment":[{"href":"https:\/\/zonaroja.com.mx\/index.php?rest_route=%2Fwp%2Fv2%2Fmedia&parent=29385"}],"wp:term":[{"taxonomy":"category","embeddable":true,"href":"https:\/\/zonaroja.com.mx\/index.php?rest_route=%2Fwp%2Fv2%2Fcategories&post=29385"},{"taxonomy":"post_tag","embeddable":true,"href":"https:\/\/zonaroja.com.mx\/index.php?rest_route=%2Fwp%2Fv2%2Ftags&post=29385"}],"curies":[{"name":"wp","href":"https:\/\/api.w.org\/{rel}","templated":true}]}}