{"id":29394,"date":"2021-07-05T22:30:37","date_gmt":"2021-07-06T03:30:37","guid":{"rendered":"http:\/\/www.zonaroja.com.mx\/?p=29394"},"modified":"2021-07-05T22:30:40","modified_gmt":"2021-07-06T03:30:40","slug":"reconocen-los-sso-que-aumentan-casos-de-covid-en-oaxaca","status":"publish","type":"post","link":"https:\/\/zonaroja.com.mx\/?p=29394","title":{"rendered":"Reconocen los SSO que aumentan casos de Covid en Oaxaca"},"content":{"rendered":"\n<p>Redacci\u00f3n\/Zona Roja.<\/p>\n\n\n\n<p>Oaxaca de Ju\u00e1rez, Oax., 5 de julio de 2021.- Oaxaca registr\u00f3 este fin de semana 141 nuevos pacientes de COVID-19 y totaliz\u00f3 48 mil 962 casos acumulados, informaron los Servicios de Salud de Oaxaca (SSO).<\/p>\n\n\n\n<p>Este d\u00eda se registraron 20 casos positivos, con lo que se acumulan 48 mil 962 casos confirmados; adem\u00e1s, un deceso, con lo que la entidad lleg\u00f3 a los 3 mil 978 fallecimientos a causa de la enfermedad.<\/p>\n\n\n\n<p>De acuerdo con la dependencia estatal, Oaxaca 520 casos activos, 30 mil 689 negativos, cuatro mil 962 sospechosos y 44 mil 464 personas que lograron superar la patolog\u00eda infecciosa.<\/p>\n\n\n\n<p>\u201cTras casi cuatro meses de descenso de contagios, Oaxaca ha registrado en los \u00faltimos d\u00edas un leve repunte de la enfermedad, por lo que este 5 de julio la ocupaci\u00f3n general de camas en los hospitales en el territorio oaxaque\u00f1o es del 26.5%, con cinco nuevas personas hospitalizadas, para un total de 96 pacientes que reciben atenci\u00f3n m\u00e9dica de especialidad por complicaciones de la patolog\u00eda\u201d, detall\u00f3 en un comunicado.<\/p>\n\n\n\n<p>En tanto, por Jurisdicci\u00f3n Sanitaria, Valles Centrales report\u00f3 el 21% de saturaci\u00f3n de camas, Istmo 30%, Tuxtepec 53.3%, Costa 31.3%, Mixteca 22.2%, y la Sierra 0%.<\/p>\n\n\n\n<p>Los pacientes nuevos notificados del 3 al 5 de julio pertenecen a 34 municipios, principalmente Salina Cruz y Oaxaca de Ju\u00e1rez con 28 y 20 casos respectivamente, seguido de San Pedro Mixtepec -Distrito 22- y Santa Domingo Tehuantepec con 13 pacientes cada uno, por mencionar algunos.<\/p>\n\n\n\n<figure class=\"wp-block-embed-twitter wp-block-embed is-type-rich is-provider-twitter\"><div class=\"wp-block-embed__wrapper\">\n<div class=\"twitter-tweet\"><blockquote class=\"twitter-tweet\" data-lang=\"es\"><p lang=\"es\" dir=\"ltr\"><a href=\"https:\/\/twitter.com\/hashtag\/%C3%9AltimoMinuto?src=hash&amp;ref_src=twsrc%5Etfw\">#\u00daltimoMinuto<\/a><br>Este lunes, <a href=\"https:\/\/twitter.com\/hashtag\/Oaxaca?src=hash&amp;ref_src=twsrc%5Etfw\">#Oaxaca<\/a> registr\u00f3 25 nuevos casos de Covid-19 (141 el fin de semana), con lo que suman 48 mil 962 casos confirmados, reportaron los Servicios de Salud.<br>Adem\u00e1s, 1 nueva defunci\u00f3n, para un total de 3 mil 978 decesos.<br>Hay 7 hospitales saturados de pacientes. <a href=\"https:\/\/t.co\/m9qCH1DApp\">pic.twitter.com\/m9qCH1DApp<\/a><\/p>&mdash; Zona Roja Oaxaca (@Zona_Roja_Oax) <a href=\"https:\/\/twitter.com\/Zona_Roja_Oax\/status\/1412213047096193029?ref_src=twsrc%5Etfw\">6 de julio de 2021<\/a><\/blockquote><\/div>\n<\/div><\/figure>\n\n\n\n<p>Los casos confirmados durante la pandemia, se distribuye de la siguiente manera: Valles Centrales con 32 mil 720 positivos y mil 918 muertes, Istmo con 4 mil 764 y 759 decesos, Tuxtepec con 3 mil 17 y 355 defunciones, Costa con 2 mil 618 y 314 decesos, Mixteca con 4 mil 91 y 408 fallecimientos, Sierra con mil 752 y 224 muertes.<\/p>\n\n\n\n<p>Respecto a la estad\u00edstica de personas positivas de acuerdo al sexo, los hombres son el grupo de la poblaci\u00f3n con el mayor n\u00famero de contagios, al sumar 25 mil 873, cifra que representa el 52.8% del total de pacientes; el grupo de edad con la m\u00e1s alta prevalencia, se concentra en el rango de los 25 a 44 a\u00f1os, con 22 mil 17 reportes, es decir m\u00e1s de 44% de los infectados son adultos j\u00f3venes.<\/p>\n\n\n\n<p>En cuanto a las defunciones, a la fecha se han perdido lamentablemente la vida de 2 mil 564 hombres y mil 414 mujeres, el 84% eran personas mayores de 50 a\u00f1os.<\/p>\n\n\n\n<p>Del total de vacunas aplicadas en la entidad, tanto de la empresa Pfizer-BioNTech, CanSino, AstraZeneca, as\u00ed como Sinovac, suman 784 Eventos Supuestamente Atribuibles a la Vacunaci\u00f3n o Inmunizaci\u00f3n (ESAVI), de los cuales 20 fueron graves.<\/p>\n\n\n\n<p>Finalmente, la dependencia de Salud, record\u00f3 que es de suma importancia que las y los oaxaque\u00f1os incluso despu\u00e9s de ponerse la vacuna contra la COVID-19, sigan implementando las medidas de protecci\u00f3n como: la sana distancia, uso correcto de cubrebocas y el lavado constante de las manos, as\u00ed como evitar acudir a lugares concurridos.<\/p>\n","protected":false},"excerpt":{"rendered":"<p>Redacci\u00f3n\/Zona Roja. Oaxaca de Ju\u00e1rez, Oax., 5 de julio de 2021.- Oaxaca registr\u00f3 este fin&hellip;<\/p>\n","protected":false},"author":2,"featured_media":29395,"comment_status":"closed","ping_status":"open","sticky":false,"template":"","format":"standard","meta":{"_lmt_disableupdate":"","_lmt_disable":"","_jetpack_memberships_contains_paid_content":false,"footnotes":""},"categories":[109,47],"tags":[1512],"class_list":["post-29394","post","type-post","status-publish","format-standard","has-post-thumbnail","hentry","category-minuto-a-minuto","category-zona-gris","tag-coronavirus-oaxaca"],"jetpack_featured_media_url":"https:\/\/zonaroja.com.mx\/wp-content\/uploads\/2021\/07\/05-de-julio-de-2021.-Corte-de-COVID-19-numero-de-casos-.jpg","jetpack_sharing_enabled":true,"_links":{"self":[{"href":"https:\/\/zonaroja.com.mx\/index.php?rest_route=\/wp\/v2\/posts\/29394","targetHints":{"allow":["GET"]}}],"collection":[{"href":"https:\/\/zonaroja.com.mx\/index.php?rest_route=\/wp\/v2\/posts"}],"about":[{"href":"https:\/\/zonaroja.com.mx\/index.php?rest_route=\/wp\/v2\/types\/post"}],"author":[{"embeddable":true,"href":"https:\/\/zonaroja.com.mx\/index.php?rest_route=\/wp\/v2\/users\/2"}],"replies":[{"embeddable":true,"href":"https:\/\/zonaroja.com.mx\/index.php?rest_route=%2Fwp%2Fv2%2Fcomments&post=29394"}],"version-history":[{"count":1,"href":"https:\/\/zonaroja.com.mx\/index.php?rest_route=\/wp\/v2\/posts\/29394\/revisions"}],"predecessor-version":[{"id":29396,"href":"https:\/\/zonaroja.com.mx\/index.php?rest_route=\/wp\/v2\/posts\/29394\/revisions\/29396"}],"wp:featuredmedia":[{"embeddable":true,"href":"https:\/\/zonaroja.com.mx\/index.php?rest_route=\/wp\/v2\/media\/29395"}],"wp:attachment":[{"href":"https:\/\/zonaroja.com.mx\/index.php?rest_route=%2Fwp%2Fv2%2Fmedia&parent=29394"}],"wp:term":[{"taxonomy":"category","embeddable":true,"href":"https:\/\/zonaroja.com.mx\/index.php?rest_route=%2Fwp%2Fv2%2Fcategories&post=29394"},{"taxonomy":"post_tag","embeddable":true,"href":"https:\/\/zonaroja.com.mx\/index.php?rest_route=%2Fwp%2Fv2%2Ftags&post=29394"}],"curies":[{"name":"wp","href":"https:\/\/api.w.org\/{rel}","templated":true}]}}