{"id":29401,"date":"2021-07-06T07:16:45","date_gmt":"2021-07-06T12:16:45","guid":{"rendered":"http:\/\/www.zonaroja.com.mx\/?p=29401"},"modified":"2021-07-06T07:16:48","modified_gmt":"2021-07-06T12:16:48","slug":"de-19-anos-el-joven-asesinado-en-pinotepa-nacional","status":"publish","type":"post","link":"https:\/\/zonaroja.com.mx\/?p=29401","title":{"rendered":"De 19 a\u00f1os, el joven asesinado en Pinotepa Nacional"},"content":{"rendered":"\n<p>Redacci\u00f3n\/Zona Roja.<\/p>\n\n\n\n<p>Oaxaca de Ju\u00e1rez, Oax., 6 de julio de 2021.- Como Andr\u00e9s Manuel T. C., de 19 a\u00f1os de edad, fue identificado el joven asesinado a balazos anoche, en Santiago Pinotepa Nacional, municipio de la regi\u00f3n Costa de Oaxaca.<\/p>\n\n\n\n<p>El crimen se perpetr\u00f3 alrededor de las 19:00 horas en la calle S\u00e9ptima Oriente esquina con Octava Sur, donde fue hallado el cuerpo, con varios disparos de arma de fuego.<\/p>\n\n\n\n<p>La v\u00edctima era conocida como \u201cEl Cobi\u201d y de acuerdo con sus familiares, tuvo su domicilio en el barrio El Zapote de dicho municipio, colindante con el estado de Guerrero.<\/p>\n\n\n\n<p>Personal de la Vicefiscal\u00eda Regional de la Costa inici\u00f3 las indagatorias; sin embargo, hasta el momento no se tiene ning\u00fan indicio del o los probables asesinos.<\/p>\n","protected":false},"excerpt":{"rendered":"<p>Redacci\u00f3n\/Zona Roja. Oaxaca de Ju\u00e1rez, Oax., 6 de julio de 2021.- Como Andr\u00e9s Manuel T.&hellip;<\/p>\n","protected":false},"author":2,"featured_media":29402,"comment_status":"closed","ping_status":"open","sticky":false,"template":"","format":"standard","meta":{"_lmt_disableupdate":"","_lmt_disable":"","_jetpack_memberships_contains_paid_content":false,"footnotes":""},"categories":[109,51],"tags":[651],"class_list":["post-29401","post","type-post","status-publish","format-standard","has-post-thumbnail","hentry","category-minuto-a-minuto","category-zona-roja","tag-santiago-pinotepa-nacional"],"jetpack_featured_media_url":"https:\/\/zonaroja.com.mx\/wp-content\/uploads\/2021\/07\/Asesinado-Pinotepa-Nacional.jpg","jetpack_sharing_enabled":true,"_links":{"self":[{"href":"https:\/\/zonaroja.com.mx\/index.php?rest_route=\/wp\/v2\/posts\/29401","targetHints":{"allow":["GET"]}}],"collection":[{"href":"https:\/\/zonaroja.com.mx\/index.php?rest_route=\/wp\/v2\/posts"}],"about":[{"href":"https:\/\/zonaroja.com.mx\/index.php?rest_route=\/wp\/v2\/types\/post"}],"author":[{"embeddable":true,"href":"https:\/\/zonaroja.com.mx\/index.php?rest_route=\/wp\/v2\/users\/2"}],"replies":[{"embeddable":true,"href":"https:\/\/zonaroja.com.mx\/index.php?rest_route=%2Fwp%2Fv2%2Fcomments&post=29401"}],"version-history":[{"count":1,"href":"https:\/\/zonaroja.com.mx\/index.php?rest_route=\/wp\/v2\/posts\/29401\/revisions"}],"predecessor-version":[{"id":29403,"href":"https:\/\/zonaroja.com.mx\/index.php?rest_route=\/wp\/v2\/posts\/29401\/revisions\/29403"}],"wp:featuredmedia":[{"embeddable":true,"href":"https:\/\/zonaroja.com.mx\/index.php?rest_route=\/wp\/v2\/media\/29402"}],"wp:attachment":[{"href":"https:\/\/zonaroja.com.mx\/index.php?rest_route=%2Fwp%2Fv2%2Fmedia&parent=29401"}],"wp:term":[{"taxonomy":"category","embeddable":true,"href":"https:\/\/zonaroja.com.mx\/index.php?rest_route=%2Fwp%2Fv2%2Fcategories&post=29401"},{"taxonomy":"post_tag","embeddable":true,"href":"https:\/\/zonaroja.com.mx\/index.php?rest_route=%2Fwp%2Fv2%2Ftags&post=29401"}],"curies":[{"name":"wp","href":"https:\/\/api.w.org\/{rel}","templated":true}]}}