{"id":29404,"date":"2021-07-06T07:35:43","date_gmt":"2021-07-06T12:35:43","guid":{"rendered":"http:\/\/www.zonaroja.com.mx\/?p=29404"},"modified":"2021-07-06T07:35:45","modified_gmt":"2021-07-06T12:35:45","slug":"un-joven-y-un-menor-de-edad-los-fallecidos-por-barda-caida-en-huajuapan","status":"publish","type":"post","link":"https:\/\/zonaroja.com.mx\/?p=29404","title":{"rendered":"Un joven y un menor de edad, los fallecidos por barda ca\u00edda en Huajuapan"},"content":{"rendered":"\n<p>Ismael Garc\u00eda M.\/Zona Roja.<\/p>\n\n\n\n<p>Oaxaca de Ju\u00e1rez, Oax., 6 de julio de 2021.- Un joven y un menor de edad fueron las dos personas que perdieron la vida anoche en San Francisco Yosocuta, agencia de Huajuapan de Le\u00f3n, Oaxaca.<\/p>\n\n\n\n<p>Se trata de Emanuel S\u00e1nchez Cisneros, de 20 a\u00f1os de edad, y Ram\u00f3n Antonio M. C., de tres a\u00f1os de edad; junto con varias personas, se hallaban en la cancha municipal, cuando una barda reblandecida por las lluvias cay\u00f3 encima de ellos.<\/p>\n\n\n\n<p>Fueron al menos ocho las personas lesionadas, entre ellas mujeres, tres de las cuales fueron trasladadas a un hospital de Huajuapan para su atenci\u00f3n m\u00e9dica.<\/p>\n\n\n\n<p>De acuerdo con reportes de la autoridad municipal, la tragedia ocurri\u00f3 alrededor de las 21:30 horas de la noche de este lunes.<\/p>\n\n\n\n<p>Personal de la Vicefiscal\u00eda Regional de la Mixteca arrib\u00f3 al sitio despu\u00e9s de las 22:00 horas para las diligencias correspondientes. A petici\u00f3n de la familia, se dispens\u00f3 la necropsia de ley.<\/p>\n\n\n\n<p>Hasta la ma\u00f1ana de hoy, la Coordinaci\u00f3n Estatal de Protecci\u00f3n Civil de Oaxaca, que encabeza el ex diputado federal \u00d3scar Valencia, no tiene conocimiento del hecho y no ha emitido ninguna informaci\u00f3n al respecto.<\/p>\n","protected":false},"excerpt":{"rendered":"<p>Ismael Garc\u00eda M.\/Zona Roja. Oaxaca de Ju\u00e1rez, Oax., 6 de julio de 2021.- Un joven&hellip;<\/p>\n","protected":false},"author":2,"featured_media":29405,"comment_status":"closed","ping_status":"open","sticky":false,"template":"","format":"standard","meta":{"_lmt_disableupdate":"","_lmt_disable":"","_jetpack_memberships_contains_paid_content":false,"footnotes":""},"categories":[109,51],"tags":[2783],"class_list":["post-29404","post","type-post","status-publish","format-standard","has-post-thumbnail","hentry","category-minuto-a-minuto","category-zona-roja","tag-san-francisco-yosocuta"],"jetpack_featured_media_url":"https:\/\/zonaroja.com.mx\/wp-content\/uploads\/2021\/07\/Muertos-caida-barda-Huajuapan.jpg","jetpack_sharing_enabled":true,"_links":{"self":[{"href":"https:\/\/zonaroja.com.mx\/index.php?rest_route=\/wp\/v2\/posts\/29404","targetHints":{"allow":["GET"]}}],"collection":[{"href":"https:\/\/zonaroja.com.mx\/index.php?rest_route=\/wp\/v2\/posts"}],"about":[{"href":"https:\/\/zonaroja.com.mx\/index.php?rest_route=\/wp\/v2\/types\/post"}],"author":[{"embeddable":true,"href":"https:\/\/zonaroja.com.mx\/index.php?rest_route=\/wp\/v2\/users\/2"}],"replies":[{"embeddable":true,"href":"https:\/\/zonaroja.com.mx\/index.php?rest_route=%2Fwp%2Fv2%2Fcomments&post=29404"}],"version-history":[{"count":1,"href":"https:\/\/zonaroja.com.mx\/index.php?rest_route=\/wp\/v2\/posts\/29404\/revisions"}],"predecessor-version":[{"id":29406,"href":"https:\/\/zonaroja.com.mx\/index.php?rest_route=\/wp\/v2\/posts\/29404\/revisions\/29406"}],"wp:featuredmedia":[{"embeddable":true,"href":"https:\/\/zonaroja.com.mx\/index.php?rest_route=\/wp\/v2\/media\/29405"}],"wp:attachment":[{"href":"https:\/\/zonaroja.com.mx\/index.php?rest_route=%2Fwp%2Fv2%2Fmedia&parent=29404"}],"wp:term":[{"taxonomy":"category","embeddable":true,"href":"https:\/\/zonaroja.com.mx\/index.php?rest_route=%2Fwp%2Fv2%2Fcategories&post=29404"},{"taxonomy":"post_tag","embeddable":true,"href":"https:\/\/zonaroja.com.mx\/index.php?rest_route=%2Fwp%2Fv2%2Ftags&post=29404"}],"curies":[{"name":"wp","href":"https:\/\/api.w.org\/{rel}","templated":true}]}}