{"id":29413,"date":"2021-07-06T10:11:50","date_gmt":"2021-07-06T15:11:50","guid":{"rendered":"http:\/\/www.zonaroja.com.mx\/?p=29413"},"modified":"2021-07-06T10:11:53","modified_gmt":"2021-07-06T15:11:53","slug":"repunta-covid-en-mexico-en-22-abren-vacunacion-para-jovenes","status":"publish","type":"post","link":"https:\/\/zonaroja.com.mx\/?p=29413","title":{"rendered":"Repunta Covid en M\u00e9xico en 22%; abren vacunaci\u00f3n para j\u00f3venes"},"content":{"rendered":"\n<p>Redacci\u00f3n\/Zona Roja Cdmx.<\/p>\n\n\n\n<p>Ciudad de M\u00e9xico, 6 de julio de 2021.- La Secretar\u00eda de Salud federal reconoci\u00f3 hoy un repunte del Covid-19, con un aumento de 22 por ciento en los contagios.<\/p>\n\n\n\n<p>Asimismo, acept\u00f3 que el pa\u00eds vive una tercera ola de casos.<\/p>\n\n\n\n<p>En la conferencia de hoy, el subsecretario Hugo L\u00f3pez-Gatell admiti\u00f3 un incremento de 22 por ciento de la epidemia, y se\u00f1al\u00f3 que por la vacunaci\u00f3n no han aumentado a ese ritmo las hospitalizaciones y las defunciones.<\/p>\n\n\n\n<p>\u201cSe ve la curva clara aumentando 22 por ciento, en la comparaci\u00f3n de la semana 25 con la 24. Sin embargo, las defunciones no est\u00e1n aumentando a esa velocidad. \u00c9ste es el mensaje principal, tenemos una situaci\u00f3n en donde hay un repunte, pero afortunadamente, por la vacunaci\u00f3n, no aumentan ni las defunciones ni las hospitalizaciones en esa velocidad\u201d, detall\u00f3.<\/p>\n\n\n\n<p>Por su parte, el presidente Andr\u00e9s Manuel L\u00f3pez Obrador expuso que los contagios se presentan principalmente entre los j\u00f3venes.<\/p>\n\n\n\n<p>\u201cContin\u00faa el programa de vacunaci\u00f3n. Seguimos teniendo abasto suficiente de vacunas. Ha sido oportuno el vacunar a la poblaci\u00f3n, porque como se est\u00e1 demostrando ahora que hay un peque\u00f1o repunte contagios, a\u00fan cuando la poblaci\u00f3n joven se ha contagiado, nada que signifique gravedad. Pero si hay un peque\u00f1o repunte, no hay la hospitalizaci\u00f3n que se podr\u00eda esperar y lo m\u00e1s importante de todo, es que no hay fallecidos\u201d, asegur\u00f3.<\/p>\n\n\n\n<p>VACUNA PARA J\u00d3VENES<\/p>\n\n\n\n<p>Por otra parte, la noche de este lunes 5 de julio el gobierno federal habilit\u00f3 el prerregistro de la vacuna contra el Covid-19 para personas que tienen 18 a\u00f1os en adelante y se deber\u00e1 realizar con el CURP para despu\u00e9s llenar un formulario con datos personales para ser contactado.<\/p>\n\n\n\n<p>Para realizar el prerregistro se debe tener a la mano, adem\u00e1s del CURP, tel\u00e9fonos de contacto, correo electr\u00f3nico, la entidad federativa, el municipio y el c\u00f3digo postal.<\/p>\n\n\n\n<p>Es importante destacar que se debe guardar el folio que se arroja una vez que se haya finalizado el registro, pues ser\u00e1 necesario llevarlo el d\u00eda que se aplique la vacuna contra el Covid-19.<\/p>\n\n\n\n<p>La Secretar\u00eda de Salud (Ssa) inform\u00f3 que este lunes fueron liberadas 907 mil dosis de vacunas de la farmac\u00e9utica AstraZeneca envasadas en el Estado de M\u00e9xico, alcanzando un total de un total de 60 millones 638 mil 895 biol\u00f3gicos sumadas a las que llegaron en diciembre del a\u00f1o pasado.<\/p>\n\n\n\n<p>Hasta este domingo 4 de julio, 32 millones 661 mil 900 personas mayores de 18 a\u00f1os en M\u00e9xico han recibido por lo menos una dosis de la vacuna contra el Covid-19, lo que representa 37 por ciento de la poblaci\u00f3n elegible.<\/p>\n","protected":false},"excerpt":{"rendered":"<p>Redacci\u00f3n\/Zona Roja Cdmx. Ciudad de M\u00e9xico, 6 de julio de 2021.- La Secretar\u00eda de Salud&hellip;<\/p>\n","protected":false},"author":2,"featured_media":26522,"comment_status":"closed","ping_status":"open","sticky":false,"template":"","format":"standard","meta":{"_lmt_disableupdate":"","_lmt_disable":"","_jetpack_memberships_contains_paid_content":false,"footnotes":""},"categories":[109,47],"tags":[1328],"class_list":["post-29413","post","type-post","status-publish","format-standard","has-post-thumbnail","hentry","category-minuto-a-minuto","category-zona-gris","tag-coronavirus-mexico"],"jetpack_featured_media_url":"https:\/\/zonaroja.com.mx\/wp-content\/uploads\/2021\/04\/Vacunados-contra-Covid.jpg","jetpack_sharing_enabled":true,"_links":{"self":[{"href":"https:\/\/zonaroja.com.mx\/index.php?rest_route=\/wp\/v2\/posts\/29413","targetHints":{"allow":["GET"]}}],"collection":[{"href":"https:\/\/zonaroja.com.mx\/index.php?rest_route=\/wp\/v2\/posts"}],"about":[{"href":"https:\/\/zonaroja.com.mx\/index.php?rest_route=\/wp\/v2\/types\/post"}],"author":[{"embeddable":true,"href":"https:\/\/zonaroja.com.mx\/index.php?rest_route=\/wp\/v2\/users\/2"}],"replies":[{"embeddable":true,"href":"https:\/\/zonaroja.com.mx\/index.php?rest_route=%2Fwp%2Fv2%2Fcomments&post=29413"}],"version-history":[{"count":1,"href":"https:\/\/zonaroja.com.mx\/index.php?rest_route=\/wp\/v2\/posts\/29413\/revisions"}],"predecessor-version":[{"id":29414,"href":"https:\/\/zonaroja.com.mx\/index.php?rest_route=\/wp\/v2\/posts\/29413\/revisions\/29414"}],"wp:featuredmedia":[{"embeddable":true,"href":"https:\/\/zonaroja.com.mx\/index.php?rest_route=\/wp\/v2\/media\/26522"}],"wp:attachment":[{"href":"https:\/\/zonaroja.com.mx\/index.php?rest_route=%2Fwp%2Fv2%2Fmedia&parent=29413"}],"wp:term":[{"taxonomy":"category","embeddable":true,"href":"https:\/\/zonaroja.com.mx\/index.php?rest_route=%2Fwp%2Fv2%2Fcategories&post=29413"},{"taxonomy":"post_tag","embeddable":true,"href":"https:\/\/zonaroja.com.mx\/index.php?rest_route=%2Fwp%2Fv2%2Ftags&post=29413"}],"curies":[{"name":"wp","href":"https:\/\/api.w.org\/{rel}","templated":true}]}}