{"id":29417,"date":"2021-07-06T14:54:06","date_gmt":"2021-07-06T19:54:06","guid":{"rendered":"http:\/\/www.zonaroja.com.mx\/?p=29417"},"modified":"2021-07-06T14:54:08","modified_gmt":"2021-07-06T19:54:08","slug":"lamenta-pintor-niceforo-urbieta-que-el-maco-permanezca-cerrado","status":"publish","type":"post","link":"https:\/\/zonaroja.com.mx\/?p=29417","title":{"rendered":"Lamenta pintor Nic\u00e9foro Urbieta que el MACO permanezca cerrado"},"content":{"rendered":"\n<p>Evlin Arag\u00f3n\/Zona Roja.<\/p>\n\n\n\n<p>Oaxaca de Ju\u00e1rez, Oax., 6 de julio de 2021.- \u201cEl MACO naci\u00f3 como fruto comunitario de las luchas de los a\u00f1os 70 y 80, donde surgi\u00f3 la Asociaci\u00f3n de los Trabajadores del Arte y la Cultura, proyecto que luch\u00f3 por la construcci\u00f3n de un museo comunitario que albergara a las figuras de car\u00e1cter universal\u201d.&nbsp;<\/p>\n\n\n\n<p>As\u00ed lo relat\u00f3 el artista pl\u00e1stico oaxaque\u00f1o Nic\u00e9foro Urbieta, quien lament\u00f3 que el Museo de Arte Contempor\u00e1neo de Oaxaca, mejor conocido como MACO, permanezca cerrado al p\u00fablico en general debido a la problem\u00e1tica entre la directiva y el personal que ah\u00ed, a quienes a\u00fan no se les cubren sus salarios pendientes.&nbsp;<\/p>\n\n\n\n<p>El pintor, nacido en Santa Ana Zegache, asegur\u00f3 que hace unas d\u00e9cadas era una verg\u00fcenza no contar con un recinto para albergar a los grandes exponentes del arte en Oaxaca, verg\u00fcenza que vuelve a hacer su aparici\u00f3n con el cierre arbitrario del MACO.<\/p>\n\n\n\n<p>\u201cLo que verdaderamente creo que es importante no olvidar, es que este Museo naci\u00f3 como resultado de la voluntad popular de luchar por un espacio para el arte universal de los oaxaque\u00f1os\u201d, manifest\u00f3.&nbsp;<\/p>\n\n\n\n<p>Incluso detall\u00f3 que su apertura se concret\u00f3 con la finalidad de ser un recinto para resguardad la obra de Rufino Tamayo, el pintor que justamente representa a la entidad y su pueblo, la cual lament\u00f3 que se encuentre repartida en diferentes pa\u00edses, menos en M\u00e9xico.<\/p>\n\n\n\n<figure class=\"wp-block-embed-twitter wp-block-embed is-type-rich is-provider-twitter\"><div class=\"wp-block-embed__wrapper\">\n<div class=\"twitter-tweet\"><blockquote class=\"twitter-tweet\" data-lang=\"es\"><p lang=\"es\" dir=\"ltr\">El artista pl\u00e1stico oaxaque\u00f1o Nic\u00e9foro Urbieta lament\u00f3 que el MACO siga cerrado al p\u00fablico. <br>Dijo que el Museo naci\u00f3 de iniciativa ciudadana y con sentido social,que hoy se ha perdido. <br>Los actuales directivos formaron parte de la fundaci\u00f3n pero olvidaron el sentido del proyecto. <a href=\"https:\/\/t.co\/UbFuw0PwoW\">pic.twitter.com\/UbFuw0PwoW<\/a><\/p>&mdash; Zona Roja Oaxaca (@Zona_Roja_Oax) <a href=\"https:\/\/twitter.com\/Zona_Roja_Oax\/status\/1412418646257901573?ref_src=twsrc%5Etfw\">6 de julio de 2021<\/a><\/blockquote><\/div>\n<\/div><\/figure>\n\n\n\n<p>Nic\u00e9foro Urbieta explic\u00f3 que, quienes hoy se denominan \u201cAmigos del MACO\u201d estuvieron presentes y formaron parte del proyecto para constituir un museo comunitario, sin embargo, al ser ahora la parte patronal traicionan el sentido social que le dio origen y lo coloc\u00f3 como uno de los recintos m\u00e1s importantes en la entidad.&nbsp;<\/p>\n\n\n\n<p>De ah\u00ed que asegur\u00f3 la ciudadan\u00eda tiene todo el derecho de reclamar que se abran las puertas de un recinto que fue abierto para apreciar el arte universal de las y los oaxaque\u00f1os que representan al pa\u00eds ante el mundo.<\/p>\n\n\n\n<p>\u201cHay una incoherencia, si este Museo naci\u00f3 como museo comunitario porque se ha transformado en lo que es actualmente. Y es leg\u00edtimo que el pueblo de Oaxaca reclame el museo como suyo, abierto a los oaxaque\u00f1os\u201d, dijo.&nbsp;&nbsp;<\/p>\n\n\n\n<p>Finalmente, el reconocido artista manifest\u00f3 que el cierre del MACO no s\u00f3lo afecta a la plantilla laboral, sino a la cultura y al pueblo oaxaque\u00f1o.<\/p>\n\n\n\n<p>Adem\u00e1s, destac\u00f3 que previo a los problemas laborales que hoy presenta, el Museo no supo consolidarse como una instituci\u00f3n did\u00e1ctica, en la que, si bien se recibieran a los exponentes mundiales del arte, estos realizaran labores para que el pueblo en verdad disfrute la obra y se identifique con ella, situaci\u00f3n que deber\u00eda retomarse.<\/p>\n","protected":false},"excerpt":{"rendered":"<p>Evlin Arag\u00f3n\/Zona Roja. Oaxaca de Ju\u00e1rez, Oax., 6 de julio de 2021.- \u201cEl MACO naci\u00f3&hellip;<\/p>\n","protected":false},"author":2,"featured_media":29418,"comment_status":"closed","ping_status":"open","sticky":false,"template":"","format":"standard","meta":{"_lmt_disableupdate":"","_lmt_disable":"","_jetpack_memberships_contains_paid_content":false,"footnotes":""},"categories":[109,46],"tags":[2298,2784],"class_list":["post-29417","post","type-post","status-publish","format-standard","has-post-thumbnail","hentry","category-minuto-a-minuto","category-zona-blanca","tag-museo-de-arte-contemporaneo-de-oaxaca-maco","tag-niceforo-urbieta"],"jetpack_featured_media_url":"https:\/\/zonaroja.com.mx\/wp-content\/uploads\/2021\/07\/Niceforo-Urbieta.jpg","jetpack_sharing_enabled":true,"_links":{"self":[{"href":"https:\/\/zonaroja.com.mx\/index.php?rest_route=\/wp\/v2\/posts\/29417","targetHints":{"allow":["GET"]}}],"collection":[{"href":"https:\/\/zonaroja.com.mx\/index.php?rest_route=\/wp\/v2\/posts"}],"about":[{"href":"https:\/\/zonaroja.com.mx\/index.php?rest_route=\/wp\/v2\/types\/post"}],"author":[{"embeddable":true,"href":"https:\/\/zonaroja.com.mx\/index.php?rest_route=\/wp\/v2\/users\/2"}],"replies":[{"embeddable":true,"href":"https:\/\/zonaroja.com.mx\/index.php?rest_route=%2Fwp%2Fv2%2Fcomments&post=29417"}],"version-history":[{"count":1,"href":"https:\/\/zonaroja.com.mx\/index.php?rest_route=\/wp\/v2\/posts\/29417\/revisions"}],"predecessor-version":[{"id":29419,"href":"https:\/\/zonaroja.com.mx\/index.php?rest_route=\/wp\/v2\/posts\/29417\/revisions\/29419"}],"wp:featuredmedia":[{"embeddable":true,"href":"https:\/\/zonaroja.com.mx\/index.php?rest_route=\/wp\/v2\/media\/29418"}],"wp:attachment":[{"href":"https:\/\/zonaroja.com.mx\/index.php?rest_route=%2Fwp%2Fv2%2Fmedia&parent=29417"}],"wp:term":[{"taxonomy":"category","embeddable":true,"href":"https:\/\/zonaroja.com.mx\/index.php?rest_route=%2Fwp%2Fv2%2Fcategories&post=29417"},{"taxonomy":"post_tag","embeddable":true,"href":"https:\/\/zonaroja.com.mx\/index.php?rest_route=%2Fwp%2Fv2%2Ftags&post=29417"}],"curies":[{"name":"wp","href":"https:\/\/api.w.org\/{rel}","templated":true}]}}