{"id":2942,"date":"2019-08-09T08:29:24","date_gmt":"2019-08-09T13:29:24","guid":{"rendered":"http:\/\/www.zonaroja.com.mx\/?p=2942"},"modified":"2019-08-09T08:29:27","modified_gmt":"2019-08-09T13:29:27","slug":"jueves-de-7-homicidios-y-ola-de-asaltos-con-cuantioso-botin-en-oaxaca","status":"publish","type":"post","link":"https:\/\/zonaroja.com.mx\/?p=2942","title":{"rendered":"Jueves de 7 homicidios y ola de asaltos con cuantioso bot\u00edn en Oaxaca"},"content":{"rendered":"\n<p>Redacci\u00f3n\/Zona Roja.<\/p>\n\n\n\n<p>Oaxaca de Ju\u00e1rez, Oax., 9 de agosto de\n2019.- Cuatro personas halladas en una presunta fosa clandestina y otra m\u00e1s\nejecutada en el Istmo; un individuo ultimado en Miahuatl\u00e1n y otro\nHuazolotitl\u00e1n, adem\u00e1s de al menos tres robos cuantiosos, es el saldo violento\nde este jueves en Oaxaca.<\/p>\n\n\n\n<p>Ayer por la ma\u00f1ana en inmediaciones del\nr\u00edo \u201cNovillero\u201d de San Pedro Tapanatepec fueron localizados en el interior de\nun pozo los cuatro cuerpos, en estado de putrefacci\u00f3n; presuntamente son de\npersonas desaparecidas desde hace tres semanas.<\/p>\n\n\n\n<p>Las v\u00edctimas fueron identificadas como\nGilberto T. L., Nicandro T. L., Jos\u00e9 Ernesto O. G. y Brian V. M., originarios\nde la localidad General Pascual Fuentes, Santo Domingo Zanatepec.<\/p>\n\n\n\n<p>Por la tarde en el mismo municipio, en\nun camino de terracer\u00eda a la localidad de Rinc\u00f3n Ju\u00e1rez, a la altura del paraje\n\u201cLos Hojamanes\u201d, fue ejecutado un individuo, identificado como C\u00e9sar V. C.; a\nun lado se hall\u00f3 una camioneta marca Nissan, tipo NP 300, cabina color gris y\nredilas, con placas de circulaci\u00f3n UF-23845 del estado de Sinaloa.<\/p>\n\n\n\n<p>En Miahuatl\u00e1n de Porfirio D\u00edaz, regi\u00f3n Sierra\nSur, en la calle Melchor Ocampo por la ma\u00f1ana fueron atacadas a balazos dos\npersonas, una de las cuales perdi\u00f3 la vida; fue conocido como Raymundo L\u00f3pez\nRuiz.<\/p>\n\n\n\n<p>Mientras que en Santa Mar\u00eda\nHuazolotitl\u00e1n, regi\u00f3n Costa, fue ultimado un individuo identificado como Sabino;\nel cuerpo se localiz\u00f3 en una de las calles principales de la comunidad.<\/p>\n\n\n\n<p>Por otra parte, el lunes se confirm\u00f3 el\nhallazgo de un cuerpo en territorio estatal, en los l\u00edmites de Oaxaca con\nVeracruz, de un militar que hab\u00eda desaparecido la noche del domingo en la carretera\nTuxtepec-Mar\u00eda Lombardo, en la regi\u00f3n de la Cuenca.<\/p>\n\n\n\n<p>Fue localizado con las manos atadas por\nla espalda y con heridas en el cuello; respondi\u00f3 en vida al nombre de Jos\u00e9\nJuli\u00e1n R, originario de San Juan Lalana Cho\u00e1pam.<\/p>\n\n\n\n<p>OLA DE ASALTOS<\/p>\n\n\n\n<figure class=\"wp-block-embed-twitter wp-block-embed is-type-rich is-provider-twitter\"><div class=\"wp-block-embed__wrapper\">\n<div class=\"twitter-tweet\"><blockquote class=\"twitter-tweet\" data-lang=\"es\"><p lang=\"es\" dir=\"ltr\"><a href=\"https:\/\/twitter.com\/hashtag\/OaxacaRojo?src=hash&amp;ref_src=twsrc%5Etfw\">#OaxacaRojo<\/a><br>\u00a1Otro asalto hoy! Ahora en un local de comida china ubicado en inmediaciones del crucero vial de Cinco Se\u00f1ores, ciudad de <a href=\"https:\/\/twitter.com\/hashtag\/Oaxaca?src=hash&amp;ref_src=twsrc%5Etfw\">#Oaxaca<\/a>; elementos policiacos ya en el lugar. <a href=\"https:\/\/t.co\/RV4n8l4sP7\">pic.twitter.com\/RV4n8l4sP7<\/a><\/p>&mdash; Zona Roja Oaxaca (@MexRoja) <a href=\"https:\/\/twitter.com\/MexRoja\/status\/1159564345690546177?ref_src=twsrc%5Etfw\">8 de agosto de 2019<\/a><\/blockquote><\/div>\n<\/div><\/figure>\n\n\n\n<p>En tanto, la ola de asaltos del jueves\ninici\u00f3 en las oficinas de la Comisi\u00f3n Nacional Forestal (Conafor), ubicadas en calle\nAlmendros de la colonia Reforma, donde una mujer fue puesta a disposici\u00f3n de la\nFiscal\u00eda General del Estado.<\/p>\n\n\n\n<p>Presuntamente intentaba abrir una caja\nfuerte, con un martillo y otras herramientas, cuando fue detectada por los\nempleados, que llamaron a corporaciones policiacas; la mujer trabaja en las\noficinas como guardia de seguridad.<\/p>\n\n\n\n<p>Despu\u00e9s del mediod\u00eda, un individuo\nretir\u00f3 aproximadamente 400 mil pesos de una sucursal bancaria de un centro\ncomercial al sur de la capital oaxaque\u00f1a; tras ello acudi\u00f3 a comer a un\nrestaurante de comida china, ubicada en el Perif\u00e9rico, cerca del crucero de\nCinco Se\u00f1ores.<\/p>\n\n\n\n<p>Sin embargo hasta el establecimiento\ndenominado \u201cHong Kong\u201d llegaron al menos dos sujetos &nbsp;que lo amagaron con armas de fuego y le\nquitaron el dinero.<\/p>\n\n\n\n<p>Casi a la misma hora pero en la Villa\nde Etla, se report\u00f3 el asalto a la sucursal de la casa de pr\u00e9stamos Acreimex,\ncon un monto de 300 mil pesos.<\/p>\n\n\n\n<p>En San Juan Bautista Tuxtepec, un empleado del sector Vectores de los Servicios de Salud de Oaxaca, identificado como Juan Carlos Estrada, fue atracado cuando sal\u00eda de una sucursal bancaria HSBC, donde lo despojaron de manera violenta de m\u00e1s de 100 mil pesos.<\/p>\n\n\n\n<figure class=\"wp-block-embed-twitter wp-block-embed is-type-rich is-provider-twitter\"><div class=\"wp-block-embed__wrapper\">\n<div class=\"twitter-tweet\"><blockquote class=\"twitter-tweet\" data-lang=\"es\"><p lang=\"es\" dir=\"ltr\"><a href=\"https:\/\/twitter.com\/hashtag\/OaxacaRojo?src=hash&amp;ref_src=twsrc%5Etfw\">#OaxacaRojo<\/a><br>Un intento de robo fue denunciado hoy por la ma\u00f1ana en las oficinas de la <a href=\"https:\/\/twitter.com\/CONAFOR?ref_src=twsrc%5Etfw\">@CONAFOR<\/a> <a href=\"https:\/\/twitter.com\/hashtag\/Oaxaca?src=hash&amp;ref_src=twsrc%5Etfw\">#Oaxaca<\/a>, ubicadas en la colonia Reforma de la capital; personal de la <a href=\"https:\/\/twitter.com\/AEI_Oaxaca?ref_src=twsrc%5Etfw\">@AEI_Oaxaca<\/a> traslad\u00f3 al Ministerio P\u00fablico a una persona como probable sospechoso de querer abrir la caja fuerte. <a href=\"https:\/\/t.co\/KEhZ4oQV6B\">pic.twitter.com\/KEhZ4oQV6B<\/a><\/p>&mdash; Zona Roja Oaxaca (@MexRoja) <a href=\"https:\/\/twitter.com\/MexRoja\/status\/1159503359226916870?ref_src=twsrc%5Etfw\">8 de agosto de 2019<\/a><\/blockquote><\/div>\n<\/div><\/figure>\n","protected":false},"excerpt":{"rendered":"<p>Redacci\u00f3n\/Zona Roja. Oaxaca de Ju\u00e1rez, Oax., 9 de agosto de 2019.- Cuatro personas halladas en&hellip;<\/p>\n","protected":false},"author":2,"featured_media":2943,"comment_status":"closed","ping_status":"open","sticky":false,"template":"","format":"standard","meta":{"_lmt_disableupdate":"","_lmt_disable":"","_jetpack_memberships_contains_paid_content":false,"footnotes":""},"categories":[109,51],"tags":[515],"class_list":["post-2942","post","type-post","status-publish","format-standard","has-post-thumbnail","hentry","category-minuto-a-minuto","category-zona-roja","tag-ola-violenta-oaxaca"],"jetpack_featured_media_url":"https:\/\/zonaroja.com.mx\/wp-content\/uploads\/2019\/08\/30914459-0456-4a35-aa1f-0a2a040d9832.jpg","jetpack_sharing_enabled":true,"_links":{"self":[{"href":"https:\/\/zonaroja.com.mx\/index.php?rest_route=\/wp\/v2\/posts\/2942","targetHints":{"allow":["GET"]}}],"collection":[{"href":"https:\/\/zonaroja.com.mx\/index.php?rest_route=\/wp\/v2\/posts"}],"about":[{"href":"https:\/\/zonaroja.com.mx\/index.php?rest_route=\/wp\/v2\/types\/post"}],"author":[{"embeddable":true,"href":"https:\/\/zonaroja.com.mx\/index.php?rest_route=\/wp\/v2\/users\/2"}],"replies":[{"embeddable":true,"href":"https:\/\/zonaroja.com.mx\/index.php?rest_route=%2Fwp%2Fv2%2Fcomments&post=2942"}],"version-history":[{"count":1,"href":"https:\/\/zonaroja.com.mx\/index.php?rest_route=\/wp\/v2\/posts\/2942\/revisions"}],"predecessor-version":[{"id":2944,"href":"https:\/\/zonaroja.com.mx\/index.php?rest_route=\/wp\/v2\/posts\/2942\/revisions\/2944"}],"wp:featuredmedia":[{"embeddable":true,"href":"https:\/\/zonaroja.com.mx\/index.php?rest_route=\/wp\/v2\/media\/2943"}],"wp:attachment":[{"href":"https:\/\/zonaroja.com.mx\/index.php?rest_route=%2Fwp%2Fv2%2Fmedia&parent=2942"}],"wp:term":[{"taxonomy":"category","embeddable":true,"href":"https:\/\/zonaroja.com.mx\/index.php?rest_route=%2Fwp%2Fv2%2Fcategories&post=2942"},{"taxonomy":"post_tag","embeddable":true,"href":"https:\/\/zonaroja.com.mx\/index.php?rest_route=%2Fwp%2Fv2%2Ftags&post=2942"}],"curies":[{"name":"wp","href":"https:\/\/api.w.org\/{rel}","templated":true}]}}