{"id":29424,"date":"2021-07-06T15:06:58","date_gmt":"2021-07-06T20:06:58","guid":{"rendered":"http:\/\/www.zonaroja.com.mx\/?p=29424"},"modified":"2021-07-06T15:07:00","modified_gmt":"2021-07-06T20:07:00","slug":"la-tercera-ola-se-asoma-y-mexicanos-dejan-de-usar-cubrebocas","status":"publish","type":"post","link":"https:\/\/zonaroja.com.mx\/?p=29424","title":{"rendered":"La tercera ola se \u2018asoma\u2019 y mexicanos dejan de usar cubrebocas"},"content":{"rendered":"\n<p>Redacci\u00f3n\/Zona Roja Cdmx.<\/p>\n\n\n\n<p>Ciudad de M\u00e9xico, 6 de julio de 2021.- El 13 por ciento de los mexicanos encuestados por \u201cEl Financiero Bloomberg\u201d usa poco o nunca el cubrebocas, de acuerdo con la encuesta realizada en junio.<\/p>\n\n\n\n<p>La cifra es mayor al 12 por ciento que indic\u00f3 lo mismo en abril pasado.<\/p>\n\n\n\n<p>Mientras que un 45 por ciento de los entrevistados dijo que utiliza en todo momento la mascarilla, aunque la cifra es menor al 49 por ciento que se\u00f1al\u00f3 lo mismo en abril.<\/p>\n\n\n\n<p>Por otra parte, un 38 por ciento dijo que usa el tapabocas la mayor parte del tiempo, una cifra mayor al 33 por ciento que refiri\u00f3 lo mismo hace dos meses.<\/p>\n\n\n\n<p>Metodolog\u00eda: Encuesta nacional realizada por v\u00eda telef\u00f3nica a 1,000 mexicanos adultos del 11-12 y 24-25 de junio de 2021. Se hizo un muestreo probabil\u00edstico de tel\u00e9fonos residenciales y celulares en las 32 entidades federativas.Con un nivel de confianza de 95%, el margen de error de las estimaciones es de +\/-3.1 por ciento.<\/p>\n\n\n\n<p>Patrocinio: El Financiero. Realizaci\u00f3n: Alejandro Moreno.<\/p>\n","protected":false},"excerpt":{"rendered":"<p>Redacci\u00f3n\/Zona Roja Cdmx. Ciudad de M\u00e9xico, 6 de julio de 2021.- El 13 por ciento&hellip;<\/p>\n","protected":false},"author":2,"featured_media":29425,"comment_status":"closed","ping_status":"open","sticky":false,"template":"","format":"standard","meta":{"_lmt_disableupdate":"","_lmt_disable":"","_jetpack_memberships_contains_paid_content":false,"footnotes":""},"categories":[109,47],"tags":[1328],"class_list":["post-29424","post","type-post","status-publish","format-standard","has-post-thumbnail","hentry","category-minuto-a-minuto","category-zona-gris","tag-coronavirus-mexico"],"jetpack_featured_media_url":"https:\/\/zonaroja.com.mx\/wp-content\/uploads\/2021\/07\/Cubrebocas-coronavirus.jpg","jetpack_sharing_enabled":true,"_links":{"self":[{"href":"https:\/\/zonaroja.com.mx\/index.php?rest_route=\/wp\/v2\/posts\/29424","targetHints":{"allow":["GET"]}}],"collection":[{"href":"https:\/\/zonaroja.com.mx\/index.php?rest_route=\/wp\/v2\/posts"}],"about":[{"href":"https:\/\/zonaroja.com.mx\/index.php?rest_route=\/wp\/v2\/types\/post"}],"author":[{"embeddable":true,"href":"https:\/\/zonaroja.com.mx\/index.php?rest_route=\/wp\/v2\/users\/2"}],"replies":[{"embeddable":true,"href":"https:\/\/zonaroja.com.mx\/index.php?rest_route=%2Fwp%2Fv2%2Fcomments&post=29424"}],"version-history":[{"count":1,"href":"https:\/\/zonaroja.com.mx\/index.php?rest_route=\/wp\/v2\/posts\/29424\/revisions"}],"predecessor-version":[{"id":29426,"href":"https:\/\/zonaroja.com.mx\/index.php?rest_route=\/wp\/v2\/posts\/29424\/revisions\/29426"}],"wp:featuredmedia":[{"embeddable":true,"href":"https:\/\/zonaroja.com.mx\/index.php?rest_route=\/wp\/v2\/media\/29425"}],"wp:attachment":[{"href":"https:\/\/zonaroja.com.mx\/index.php?rest_route=%2Fwp%2Fv2%2Fmedia&parent=29424"}],"wp:term":[{"taxonomy":"category","embeddable":true,"href":"https:\/\/zonaroja.com.mx\/index.php?rest_route=%2Fwp%2Fv2%2Fcategories&post=29424"},{"taxonomy":"post_tag","embeddable":true,"href":"https:\/\/zonaroja.com.mx\/index.php?rest_route=%2Fwp%2Fv2%2Ftags&post=29424"}],"curies":[{"name":"wp","href":"https:\/\/api.w.org\/{rel}","templated":true}]}}