{"id":29427,"date":"2021-07-06T20:31:31","date_gmt":"2021-07-07T01:31:31","guid":{"rendered":"http:\/\/www.zonaroja.com.mx\/?p=29427"},"modified":"2021-07-06T20:31:45","modified_gmt":"2021-07-07T01:31:45","slug":"mujeres-de-entre-los-30-a-50-anos-principales-victimas-de-feminicidios","status":"publish","type":"post","link":"https:\/\/zonaroja.com.mx\/?p=29427","title":{"rendered":"Mujeres de entre los 30 a 50 a\u00f1os, principales v\u00edctimas de feminicidios"},"content":{"rendered":"\n<p>Redacci\u00f3n\/Zona Roja.<\/p>\n\n\n\n<p>Oaxaca de Ju\u00e1rez, Oax., 6 de julio del 2021.- La asociaci\u00f3n civil Consorcio Oaxaca dio a conocer el an\u00e1lisis de los casos que registran sobre violencia feminicida en la entidad y las edades de las v\u00edctimas, en lo que va de la administraci\u00f3n del gobernador Alejandro Murat Hinojosa, del 1 de diciembre del 2016 al 29 de junio del 2021.<\/p>\n\n\n\n<p>En un bolet\u00edn de prensa, se\u00f1al\u00f3 que tienen dos mil 819 casos registrados en la Plataforma de Violencia Feminicida, la cual es alimentada a trav\u00e9s de notas period\u00edsticas. En mil 885 de los casos se conoce la edad de la v\u00edctima y en 934 no se especifica.<\/p>\n\n\n\n<p>La organizaci\u00f3n feminista revel\u00f3 que el grupo etario donde se observa el mayor n\u00famero de agresiones (911) es el de mujeres menores de 18 a\u00f1os, con mayor incidencia en las desapariciones (737 casos), seguida por los delitos sexuales (99)<\/p>\n\n\n\n<p>Elizabeth Mosqueda Rivera, coordinadora del programa de j\u00f3venes, manifest\u00f3 su preocupaci\u00f3n por el bienestar de ni\u00f1as y adolescentes en Oaxaca, ya que los datos reflejan la violencia que se encuentran viviendo.<\/p>\n\n\n\n<p>\u201cLa situaci\u00f3n de ni\u00f1as y adolescentes es preocupante, urge que las pol\u00edticas p\u00fablicas miren a este sector de la poblaci\u00f3n con derechos. Y por tanto, se necesita que sean incorporadas en las tomas de decisiones, que participen en la construcci\u00f3n de estrategias para atender la violencia que enfrentan\u201d.<\/p>\n\n\n\n<p>La activista se\u00f1al\u00f3 que es necesario mirar a las personas j\u00f3venes con la capacidad de analizar su realidad de la cual tambi\u00e9n son parte y poder proponer alternativas para disfrutar sus derechos y frenar la violencia de g\u00e9nero.<\/p>\n\n\n\n<p>Otro dato, que destac\u00f3 Consorcio Oaxaca es que las mujeres entre los 30 a 50 a\u00f1os son las principales v\u00edctimas de los feminicidios con 158 casos y la violencia familiar con 63 casos,<\/p>\n","protected":false},"excerpt":{"rendered":"<p>Redacci\u00f3n\/Zona Roja. Oaxaca de Ju\u00e1rez, Oax., 6 de julio del 2021.- La asociaci\u00f3n civil Consorcio&hellip;<\/p>\n","protected":false},"author":2,"featured_media":5363,"comment_status":"closed","ping_status":"open","sticky":false,"template":"","format":"standard","meta":{"_lmt_disableupdate":"","_lmt_disable":"","_jetpack_memberships_contains_paid_content":false,"footnotes":""},"categories":[109,47],"tags":[610],"class_list":["post-29427","post","type-post","status-publish","format-standard","has-post-thumbnail","hentry","category-minuto-a-minuto","category-zona-gris","tag-feminicidios-oaxaca"],"jetpack_featured_media_url":"https:\/\/zonaroja.com.mx\/wp-content\/uploads\/2019\/11\/No-violencia.jpg","jetpack_sharing_enabled":true,"_links":{"self":[{"href":"https:\/\/zonaroja.com.mx\/index.php?rest_route=\/wp\/v2\/posts\/29427","targetHints":{"allow":["GET"]}}],"collection":[{"href":"https:\/\/zonaroja.com.mx\/index.php?rest_route=\/wp\/v2\/posts"}],"about":[{"href":"https:\/\/zonaroja.com.mx\/index.php?rest_route=\/wp\/v2\/types\/post"}],"author":[{"embeddable":true,"href":"https:\/\/zonaroja.com.mx\/index.php?rest_route=\/wp\/v2\/users\/2"}],"replies":[{"embeddable":true,"href":"https:\/\/zonaroja.com.mx\/index.php?rest_route=%2Fwp%2Fv2%2Fcomments&post=29427"}],"version-history":[{"count":1,"href":"https:\/\/zonaroja.com.mx\/index.php?rest_route=\/wp\/v2\/posts\/29427\/revisions"}],"predecessor-version":[{"id":29428,"href":"https:\/\/zonaroja.com.mx\/index.php?rest_route=\/wp\/v2\/posts\/29427\/revisions\/29428"}],"wp:featuredmedia":[{"embeddable":true,"href":"https:\/\/zonaroja.com.mx\/index.php?rest_route=\/wp\/v2\/media\/5363"}],"wp:attachment":[{"href":"https:\/\/zonaroja.com.mx\/index.php?rest_route=%2Fwp%2Fv2%2Fmedia&parent=29427"}],"wp:term":[{"taxonomy":"category","embeddable":true,"href":"https:\/\/zonaroja.com.mx\/index.php?rest_route=%2Fwp%2Fv2%2Fcategories&post=29427"},{"taxonomy":"post_tag","embeddable":true,"href":"https:\/\/zonaroja.com.mx\/index.php?rest_route=%2Fwp%2Fv2%2Ftags&post=29427"}],"curies":[{"name":"wp","href":"https:\/\/api.w.org\/{rel}","templated":true}]}}