{"id":29432,"date":"2021-07-06T22:26:45","date_gmt":"2021-07-07T03:26:45","guid":{"rendered":"http:\/\/www.zonaroja.com.mx\/?p=29432"},"modified":"2021-07-06T22:26:47","modified_gmt":"2021-07-07T03:26:47","slug":"covid-al-extremo-en-oaxaca-174-casos-en-24-horas","status":"publish","type":"post","link":"https:\/\/zonaroja.com.mx\/?p=29432","title":{"rendered":"Covid al extremo en Oaxaca: 174 casos en 24 horas"},"content":{"rendered":"\n<p>Redacci\u00f3n\/Zona Roja.<\/p>\n\n\n\n<p>Oaxaca de Ju\u00e1rez, Oax. 6 de julio de 2021.- La dependencia Servicios de Salud de Oaxaca inform\u00f3 que al corte epidemiol\u00f3gico de este martes, se han registrado 174 casos nuevos de Covid-19 y tres defunciones, que suman 49 mil 136 casos acumulados y tres mil 981 defunciones.<\/p>\n\n\n\n<p>Asimismo, se han notificado 84 mil 986 casos del virus, de los cuales 30 mil 862 han sido negativos, hay cuatro mil 988 casos sospechosos, 44 mil 537 personas se han recuperado, hay 618 casos activos de la enfermedad, detall\u00f3 en un comunicado.<\/p>\n\n\n\n<p>La Jurisdicci\u00f3n Sanitaria n\u00famero uno Valles Centrales, contabiliza 32 mil 793 casos confirmados y mil 918 defunciones, Istmo cuatro mil 821 y 761 defunciones, Tuxtepec tres mil 23 casos confirmados y 356 defunciones, Costa dos mil 641 confirmados y 314 defunciones, Mixteca cuatro mil 97 confirmados y 408 defunciones, Sierra mil 761 confirmados y 224 defunciones.<\/p>\n\n\n\n<figure class=\"wp-block-embed-twitter wp-block-embed is-type-rich is-provider-twitter\"><div class=\"wp-block-embed__wrapper\">\n<div class=\"twitter-tweet\"><blockquote class=\"twitter-tweet\" data-lang=\"es\"><p lang=\"es\" dir=\"ltr\"><a href=\"https:\/\/twitter.com\/hashtag\/%C3%9AltimoMinuto?src=hash&amp;ref_src=twsrc%5Etfw\">#\u00daltimoMinuto<\/a><br>En <a href=\"https:\/\/twitter.com\/hashtag\/Oaxaca?src=hash&amp;ref_src=twsrc%5Etfw\">#Oaxaca<\/a>, el Covid-19 sigue al alza. Esta martes los Servicios de Salud reportan 174 casos positivos, para un acumulado de 49 mil 136 casos confirmados.<br>Adem\u00e1s, 3 decesos, para un total de 3 mil 981 fallecimientos.<br>Hay cinco hospitales llenos de pacientes. <a href=\"https:\/\/t.co\/OFG30vVkoU\">pic.twitter.com\/OFG30vVkoU<\/a><\/p>&mdash; Zona Roja Oaxaca (@Zona_Roja_Oax) <a href=\"https:\/\/twitter.com\/Zona_Roja_Oax\/status\/1412601675404267525?ref_src=twsrc%5Etfw\">7 de julio de 2021<\/a><\/blockquote><\/div>\n<\/div><\/figure>\n\n\n\n<p>Los 174 casos nuevos afectan a 42 municipios, siendo el que mayor n\u00famero presenta, el de Oaxaca de Ju\u00e1rez con 37, seguido de Ciudad Ixtepec con 19, Barrio de la Soledad y Juchit\u00e1n de Zaragoza ocho cada uno, Salina Cruz siete, Tuxtepec y Santa Cruz Xoxocotl\u00e1n, seis cada uno, San Pedro Pochutla, Santa Catarina Juquila y Santo Domingo Ingenio cinco cada uno, el resto tres, dos y un solo caso.<\/p>\n\n\n\n<p>En relaci\u00f3n a la ocupaci\u00f3n hospitalaria, hay un global total del 27.5%, hay 264 camas disponibles, 100 est\u00e1n ocupadas, de un total de 364. Cinco hospitales est\u00e1n al 100% de ocupaci\u00f3n, hay ocho nuevos hospitalizados.<\/p>\n\n\n\n<p>La instituci\u00f3n exhorta a la poblaci\u00f3n en general, as\u00ed como a las autoridades municipales para que eviten la celebraci\u00f3n de fiestas patronales o eventos, en donde se aglomeren muchas personas, esto para poder disminuir los contagios por Covid-19.<\/p>\n","protected":false},"excerpt":{"rendered":"<p>Redacci\u00f3n\/Zona Roja. Oaxaca de Ju\u00e1rez, Oax. 6 de julio de 2021.- La dependencia Servicios de&hellip;<\/p>\n","protected":false},"author":2,"featured_media":29433,"comment_status":"closed","ping_status":"open","sticky":false,"template":"","format":"standard","meta":{"_lmt_disableupdate":"","_lmt_disable":"","_jetpack_memberships_contains_paid_content":false,"footnotes":""},"categories":[109,47],"tags":[1512],"class_list":["post-29432","post","type-post","status-publish","format-standard","has-post-thumbnail","hentry","category-minuto-a-minuto","category-zona-gris","tag-coronavirus-oaxaca"],"jetpack_featured_media_url":"https:\/\/zonaroja.com.mx\/wp-content\/uploads\/2021\/07\/SSO-1.jpeg","jetpack_sharing_enabled":true,"_links":{"self":[{"href":"https:\/\/zonaroja.com.mx\/index.php?rest_route=\/wp\/v2\/posts\/29432","targetHints":{"allow":["GET"]}}],"collection":[{"href":"https:\/\/zonaroja.com.mx\/index.php?rest_route=\/wp\/v2\/posts"}],"about":[{"href":"https:\/\/zonaroja.com.mx\/index.php?rest_route=\/wp\/v2\/types\/post"}],"author":[{"embeddable":true,"href":"https:\/\/zonaroja.com.mx\/index.php?rest_route=\/wp\/v2\/users\/2"}],"replies":[{"embeddable":true,"href":"https:\/\/zonaroja.com.mx\/index.php?rest_route=%2Fwp%2Fv2%2Fcomments&post=29432"}],"version-history":[{"count":1,"href":"https:\/\/zonaroja.com.mx\/index.php?rest_route=\/wp\/v2\/posts\/29432\/revisions"}],"predecessor-version":[{"id":29434,"href":"https:\/\/zonaroja.com.mx\/index.php?rest_route=\/wp\/v2\/posts\/29432\/revisions\/29434"}],"wp:featuredmedia":[{"embeddable":true,"href":"https:\/\/zonaroja.com.mx\/index.php?rest_route=\/wp\/v2\/media\/29433"}],"wp:attachment":[{"href":"https:\/\/zonaroja.com.mx\/index.php?rest_route=%2Fwp%2Fv2%2Fmedia&parent=29432"}],"wp:term":[{"taxonomy":"category","embeddable":true,"href":"https:\/\/zonaroja.com.mx\/index.php?rest_route=%2Fwp%2Fv2%2Fcategories&post=29432"},{"taxonomy":"post_tag","embeddable":true,"href":"https:\/\/zonaroja.com.mx\/index.php?rest_route=%2Fwp%2Fv2%2Ftags&post=29432"}],"curies":[{"name":"wp","href":"https:\/\/api.w.org\/{rel}","templated":true}]}}