{"id":29442,"date":"2021-07-07T07:46:17","date_gmt":"2021-07-07T12:46:17","guid":{"rendered":"http:\/\/www.zonaroja.com.mx\/?p=29442"},"modified":"2021-07-07T07:46:20","modified_gmt":"2021-07-07T12:46:20","slug":"opinion-desventajas-de-una-sucesion-adelantada","status":"publish","type":"post","link":"https:\/\/zonaroja.com.mx\/?p=29442","title":{"rendered":"Opini\u00f3n. Desventajas de una sucesi\u00f3n adelantada"},"content":{"rendered":"\n<p>Gibr\u00e1n Ram\u00edrez Reyes*<\/p>\n\n\n\n<p>La semana pasada, cientos de mis copartidarios de Morena vitorearon a Claudia Sheinbaum como posible candidata a la Presidencia de la Rep\u00fablica, tres a\u00f1os antes de que esa elecci\u00f3n tenga lugar.<\/p>\n\n\n\n<p>Creo que est\u00e1n en su derecho, pero tambi\u00e9n que en Morena deber\u00edamos reflexionar acerca de los riesgos de adelantar las din\u00e1micas de la sucesi\u00f3n presidencial, sobre todo porque, el d\u00eda de hoy, en Morena se disputa cerca de la mitad del poder democr\u00e1tico del pa\u00eds y, debido a las grandes posibilidades de que sea el partido que gane la presidencia de la rep\u00fablica en 2024, el sentido de responsabilidad con el pa\u00eds deber\u00eda enaltecerse.<\/p>\n\n\n\n<p>Esto deber\u00edan escucharlo sobre todo los dirigentes tentados a ir inclinando el terreno hacia uno u otro lado. Esta circunstancia es nueva, radicalmente distinta a la que vivimos antes en la izquierda<\/p>\n\n\n\n<p>La primera desventaja de adelantar las din\u00e1micas sucesorias es, por definici\u00f3n, que se disminuye el poder del gobernante en turno, como suele suceder siempre hacia los \u00faltimos a\u00f1os del sexenio.<\/p>\n\n\n\n<p>Los poderes vigentes piensan m\u00e1s en congraciarse con el futuro que con el presente, los c\u00e1lculos se hacen para agradar personas y no para acordar reglas perdurables y las apuestas pol\u00edticas se vuelven m\u00e1s rentables que las inversiones de mirada larga o los proyectos con visi\u00f3n de estado.<\/p>\n\n\n\n<p>La segunda es que los principales operadores del pa\u00eds se distraen de sus tareas fundamentales o sus encargos constitucionales y su acci\u00f3n pol\u00edtica resulta muchas veces en contra del presidente \u2014y de las bases del r\u00e9gimen que intenta construir.<\/p>\n\n\n\n<p>Si, por ejemplo, antes de la pol\u00e9mica sobre F\u00e9lix Salgado Macedonio eran m\u00e1s infrecuentes las faltas de respeto al presidente, el descr\u00e9dito causado por los ataques entre las figuras capitales de su gobierno resultar\u00eda en un da\u00f1o multiplicado.<\/p>\n\n\n\n<p>Quiz\u00e1 el ejemplo paradigm\u00e1tico de este tipo de da\u00f1o ocasionado por una sucesi\u00f3n adelantada sea 1968, cuando entre otros se cruzaron los intereses de Luis Echeverr\u00eda y Alfonso Corona del Rosal que ten\u00edan la mira puesta en 1970.<\/p>\n\n\n\n<p>Adelantar las din\u00e1micas de la sucesi\u00f3n implica tambi\u00e9n el fortalecimiento de tendencias antidemocr\u00e1ticas.<\/p>\n\n\n\n<p>Los pol\u00edticos aspirantes se ocupan m\u00e1s bien en conseguir el favor de actores clave de los poderes \u2014constitucionales o f\u00e1cticos\u2014 que de sembrar simpat\u00eda popular.<\/p>\n\n\n\n<p>Esto podr\u00eda cambiar si una eventual reforma pol\u00edtica estableciera elecciones primarias obligatorias para todos los partidos, un pendiente que arrastramos desde la reforma pol\u00edtica propuesta por Manuel \u00c1vila Camacho en 1945.<\/p>\n\n\n\n<p>En nuestra circunstancia, adem\u00e1s, resultar\u00eda m\u00e1s grave una sucesi\u00f3n adelantada, pues implicar\u00eda retomar un vicio del viejo r\u00e9gimen autoritario de partido hegem\u00f3nico \u2014la lucha interna\u2014 sin su principal aliciente, que es la seguridad del triunfo.<\/p>\n\n\n\n<p>Hemos visto, particularmente en la Ciudad de M\u00e9xico y las principales urbes de nuestro pa\u00eds, que la voluntad popular no est\u00e1 garantizada a favor de Morena.<\/p>\n\n\n\n<p>La lucha interna, al centrar la capacidad de convencimiento y de batalla entre los partidarios del cambio de r\u00e9gimen en lugar de encaminarlo a derrotar las resistencias al cambio y los afanes reaccionarios de las oligarqu\u00edas, m\u00e1s que ser la antesala del poder, puede derivar en la derrota del movimiento por la Transformaci\u00f3n.<\/p>\n\n\n\n<p>*Doctor en ciencia pol\u00edtica por la UNAM.<\/p>\n","protected":false},"excerpt":{"rendered":"<p>Gibr\u00e1n Ram\u00edrez Reyes* La semana pasada, cientos de mis copartidarios de Morena vitorearon a Claudia&hellip;<\/p>\n","protected":false},"author":2,"featured_media":24099,"comment_status":"closed","ping_status":"open","sticky":false,"template":"","format":"standard","meta":{"_lmt_disableupdate":"","_lmt_disable":"","_jetpack_memberships_contains_paid_content":false,"footnotes":""},"categories":[456,109],"tags":[2489],"class_list":["post-29442","post","type-post","status-publish","format-standard","has-post-thumbnail","hentry","category-columna","category-minuto-a-minuto","tag-gibran-ramirez-reyes"],"jetpack_featured_media_url":"https:\/\/zonaroja.com.mx\/wp-content\/uploads\/2021\/02\/Gibran-Ramirez-Reyes.jpg","jetpack_sharing_enabled":true,"_links":{"self":[{"href":"https:\/\/zonaroja.com.mx\/index.php?rest_route=\/wp\/v2\/posts\/29442","targetHints":{"allow":["GET"]}}],"collection":[{"href":"https:\/\/zonaroja.com.mx\/index.php?rest_route=\/wp\/v2\/posts"}],"about":[{"href":"https:\/\/zonaroja.com.mx\/index.php?rest_route=\/wp\/v2\/types\/post"}],"author":[{"embeddable":true,"href":"https:\/\/zonaroja.com.mx\/index.php?rest_route=\/wp\/v2\/users\/2"}],"replies":[{"embeddable":true,"href":"https:\/\/zonaroja.com.mx\/index.php?rest_route=%2Fwp%2Fv2%2Fcomments&post=29442"}],"version-history":[{"count":1,"href":"https:\/\/zonaroja.com.mx\/index.php?rest_route=\/wp\/v2\/posts\/29442\/revisions"}],"predecessor-version":[{"id":29443,"href":"https:\/\/zonaroja.com.mx\/index.php?rest_route=\/wp\/v2\/posts\/29442\/revisions\/29443"}],"wp:featuredmedia":[{"embeddable":true,"href":"https:\/\/zonaroja.com.mx\/index.php?rest_route=\/wp\/v2\/media\/24099"}],"wp:attachment":[{"href":"https:\/\/zonaroja.com.mx\/index.php?rest_route=%2Fwp%2Fv2%2Fmedia&parent=29442"}],"wp:term":[{"taxonomy":"category","embeddable":true,"href":"https:\/\/zonaroja.com.mx\/index.php?rest_route=%2Fwp%2Fv2%2Fcategories&post=29442"},{"taxonomy":"post_tag","embeddable":true,"href":"https:\/\/zonaroja.com.mx\/index.php?rest_route=%2Fwp%2Fv2%2Ftags&post=29442"}],"curies":[{"name":"wp","href":"https:\/\/api.w.org\/{rel}","templated":true}]}}