{"id":29450,"date":"2021-07-07T08:01:08","date_gmt":"2021-07-07T13:01:08","guid":{"rendered":"http:\/\/www.zonaroja.com.mx\/?p=29450"},"modified":"2021-07-07T08:01:10","modified_gmt":"2021-07-07T13:01:10","slug":"realizaran-en-oaxaca-guelaguetza-en-defensa-del-maiz-nativo","status":"publish","type":"post","link":"https:\/\/zonaroja.com.mx\/?p=29450","title":{"rendered":"Realizar\u00e1n en Oaxaca Guelaguetza en defensa del ma\u00edz nativo"},"content":{"rendered":"\n<p>Evlin Arag\u00f3n\/Zona Roja.<\/p>\n\n\n\n<p>Oaxaca de Ju\u00e1rez, Oax., 7 de julio de 2021.- Organizaciones de la sociedad civil, agrupadas en el Espacio Estatal en Defensa del Ma\u00edz Nativo de Oaxaca, anunciaron la Guelaguetza en la vida cotidiana, que llevar\u00e1n a cabo los d\u00edas 11, 17, 23, 24 y 29 de julio en la capital del estado.&nbsp;<\/p>\n\n\n\n<p>Lo anterior con la intenci\u00f3n de reconocer las pr\u00e1cticas agroecol\u00f3gicas y solidarias que son parte de la vida en las comunidades ind\u00edgenas de Oaxaca; as\u00ed como compartir los despojos que, actualmente, atentan contra las semillas y la vida campesina.&nbsp;<\/p>\n\n\n\n<p>Las actividades dar\u00e1n inicio el domingo 11 de julio, en punto de las 11:00 horas, con un ritual en la explanada de Santo Domingo de Guzm\u00e1n, para el cual se invita a las y los participantes a llevar flores, semillas y s\u00edmbolos para instalar una ofrenda a la madre tierra.&nbsp;<\/p>\n\n\n\n<p>Posteriormente, al interior del Centro ecol\u00f3gico \u201cMilpa urbana\u201d se realizar\u00e1n mesas informativas sobre la milpa y los transg\u00e9nicos; una charla con campesinas y campesinos de las regiones de la Mixteca y Sierra Norte, as\u00ed como integrantes del Espacio; para concluir con la presentaci\u00f3n de los v\u00eddeos: \u201cmilpa comunal\u201d y \u201cra\u00edz a\u00e9rea\u201d de Edith Morales.<\/p>\n\n\n\n<p>El 17 de julio se incluye un tianguis, la presentaci\u00f3n del libro infantil \u201cEl ma\u00edz de la abuela\u201d y charla \u201cGuelaguetza en la vida cotidiana\u201d por parte de la asociaci\u00f3n civil UNOSJO.\u00a0<\/p>\n\n\n\n<figure class=\"wp-block-embed-twitter wp-block-embed is-type-rich is-provider-twitter\"><div class=\"wp-block-embed__wrapper\">\n<div class=\"twitter-tweet\"><blockquote class=\"twitter-tweet\" data-lang=\"es\"><p lang=\"es\" dir=\"ltr\">Guelaguetza en la vida cotidiana <a href=\"https:\/\/twitter.com\/hashtag\/Oaxaca?src=hash&amp;ref_src=twsrc%5Etfw\">#Oaxaca<\/a> <a href=\"https:\/\/t.co\/uJ8Mu2Wt5F\">https:\/\/t.co\/uJ8Mu2Wt5F<\/a> <a href=\"https:\/\/t.co\/X2SUmqd7AR\">pic.twitter.com\/X2SUmqd7AR<\/a><\/p>&mdash; Educa Oaxaca (@laminuta) <a href=\"https:\/\/twitter.com\/laminuta\/status\/1412445172600819715?ref_src=twsrc%5Etfw\">6 de julio de 2021<\/a><\/blockquote><\/div>\n<\/div><\/figure>\n\n\n\n<p>Mientras que, para el 23 y 24 de julio se encuentra programada la presentaci\u00f3n de los libros \u201cSistema normativo ind\u00edgena\u201d por parte del campesino Melit\u00f3n Bautista y \u201cMilpa en tiempos de pandemia\u201d por parte de la Universidad de la Tierra Oaxaca; adem\u00e1s de la obra \u201cAlas\u201d, por la compa\u00f1\u00eda Letal Producciones y una coreograf\u00eda de Alma Quiroz.<\/p>\n\n\n\n<p>Finalmente, el jueves 29 de julio se instalar\u00e1n las mesas informativas de la milpa y los transg\u00e9nicos, e llevar\u00e1 a cabo la charla \u201cGuelaguetza en la vida cotidiana\u201d por parte de la campesina Te\u00f3fanes Josefina Santiago Santiago y el campesino Melit\u00f3n Bautista; as\u00ed como la presentaci\u00f3n de la obra de teatro \u201cEcos\u201d de teatro tetris t\u00edteres, m\u00e1scaras.<\/p>\n\n\n\n<p>Todas las actividades se llevar\u00e1n a cabo en el Centro ecol\u00f3gico \u201cMilpa urbana\u201d ubicado en la calle Jos\u00e9 L\u00f3pez Alavez n\u00famero 414 en el Barrio de Xochimilco a una cuadra de la Biblioteca infantil de Oaxaca.<\/p>\n\n\n\n<p>Fue en marzo del 2014 que se llev\u00f3 a cabo el Primer Encuentro Estatal en Defensa del Ma\u00edz Nativo de Oaxaca con el objetivo de analizar la problem\u00e1tica del grano y construir acciones de defensa colectiva.&nbsp;<\/p>\n\n\n\n<p>Hoy en d\u00eda las organizaciones que integran el Espacio Estatal en Defensa del Ma\u00edz Nativo de Oaxaca son: Organizaci\u00f3n de Agricultores Biol\u00f3gicos, Centro de Desarrollo Integral Campesino de la Mixteca, Servicios para una Educaci\u00f3n Alternativa, Servicios del Pueblo Mixe, Comunicaci\u00f3n y Capacitaci\u00f3n, Universidad de la Tierra Oaxaca, Uni\u00f3n de Organizaciones de la Sierra Ju\u00e1rez, Coalici\u00f3n de Maestros y Promotores Ind\u00edgenas de Oaxaca, Desarrollo Agroecol\u00f3gico Mixteco, entre otras.&nbsp;<\/p>\n","protected":false},"excerpt":{"rendered":"<p>Evlin Arag\u00f3n\/Zona Roja. Oaxaca de Ju\u00e1rez, Oax., 7 de julio de 2021.- Organizaciones de la&hellip;<\/p>\n","protected":false},"author":2,"featured_media":4295,"comment_status":"closed","ping_status":"open","sticky":false,"template":"","format":"standard","meta":{"_lmt_disableupdate":"","_lmt_disable":"","_jetpack_memberships_contains_paid_content":false,"footnotes":""},"categories":[109,46],"tags":[2787],"class_list":["post-29450","post","type-post","status-publish","format-standard","has-post-thumbnail","hentry","category-minuto-a-minuto","category-zona-blanca","tag-guelaguetza-oaxaca"],"jetpack_featured_media_url":"https:\/\/zonaroja.com.mx\/wp-content\/uploads\/2019\/09\/ma\u00edz.jpg","jetpack_sharing_enabled":true,"_links":{"self":[{"href":"https:\/\/zonaroja.com.mx\/index.php?rest_route=\/wp\/v2\/posts\/29450","targetHints":{"allow":["GET"]}}],"collection":[{"href":"https:\/\/zonaroja.com.mx\/index.php?rest_route=\/wp\/v2\/posts"}],"about":[{"href":"https:\/\/zonaroja.com.mx\/index.php?rest_route=\/wp\/v2\/types\/post"}],"author":[{"embeddable":true,"href":"https:\/\/zonaroja.com.mx\/index.php?rest_route=\/wp\/v2\/users\/2"}],"replies":[{"embeddable":true,"href":"https:\/\/zonaroja.com.mx\/index.php?rest_route=%2Fwp%2Fv2%2Fcomments&post=29450"}],"version-history":[{"count":1,"href":"https:\/\/zonaroja.com.mx\/index.php?rest_route=\/wp\/v2\/posts\/29450\/revisions"}],"predecessor-version":[{"id":29451,"href":"https:\/\/zonaroja.com.mx\/index.php?rest_route=\/wp\/v2\/posts\/29450\/revisions\/29451"}],"wp:featuredmedia":[{"embeddable":true,"href":"https:\/\/zonaroja.com.mx\/index.php?rest_route=\/wp\/v2\/media\/4295"}],"wp:attachment":[{"href":"https:\/\/zonaroja.com.mx\/index.php?rest_route=%2Fwp%2Fv2%2Fmedia&parent=29450"}],"wp:term":[{"taxonomy":"category","embeddable":true,"href":"https:\/\/zonaroja.com.mx\/index.php?rest_route=%2Fwp%2Fv2%2Fcategories&post=29450"},{"taxonomy":"post_tag","embeddable":true,"href":"https:\/\/zonaroja.com.mx\/index.php?rest_route=%2Fwp%2Fv2%2Ftags&post=29450"}],"curies":[{"name":"wp","href":"https:\/\/api.w.org\/{rel}","templated":true}]}}