{"id":29459,"date":"2021-07-07T15:09:06","date_gmt":"2021-07-07T20:09:06","guid":{"rendered":"https:\/\/www.zonaroja.com.mx\/?p=29459"},"modified":"2021-07-07T15:11:41","modified_gmt":"2021-07-07T20:11:41","slug":"presentan-iniciativa-para-incrementar-coercitividad-hacia-deudores-alimentarios","status":"publish","type":"post","link":"https:\/\/zonaroja.com.mx\/?p=29459","title":{"rendered":"Presentan iniciativa para incrementar coercitividad hacia deudores alimentarios"},"content":{"rendered":"\n<p class=\"MsoNormal\">Evlin Arag\u00f3n\/Zona Roja.&nbsp;<\/p>\n\n\n\n<p class=\"MsoNormal\">Oaxaca de Ju\u00e1rez, Oax., 7 de julio de 2021.-&nbsp;Con el respaldo de organizaciones sociales, en el Congreso de Oaxaca se present\u00f3 una iniciativa&nbsp;para hacer efectivo el Registro de Deudores Alimentarios Morosos, creado por decret\u00f3 en abril del 2018 y con grandes deficiencias en la actualidad por parte de la Direcci\u00f3n del Registro Civil.&nbsp;<\/p>\n\n\n\n<p class=\"MsoNormal\">Lo anterior como parte de una ruta integral que plantean grupos feministas para visibilizar la problem\u00e1tica y obligar a los varones a que se hagan responsables del sustento de sus hijas e hijos.&nbsp;<\/p>\n\n\n\n<p class=\"MsoNormal\">As\u00ed lo dio a conocer Diana Luz V\u00e1zquez representante de \u201cLas Constituyentes\u201d, organizaci\u00f3n pol\u00edtica feminista y abolicionista de izquierda con sede en la Ciudad de M\u00e9xico, quien asegur\u00f3 que, en M\u00e9xico, el 40&nbsp;por ciento de las mujeres asumen solas la crianza de ni\u00f1as y ni\u00f1os, ante la falta de responsabilidad por parte de los hombres&nbsp;<\/p>\n\n\n\n<p class=\"MsoNormal\">De ah\u00ed la importancia de evidenciar a los deudores alimentarios, quienes por ley tendr\u00edan que aportar un recurso para la sobrevivencia de las y los menores, acci\u00f3n que no llevan a cabo ya sea por una completa negativa por parte de los padres o por el uso a conveniencia de las leyes, dentro de una estructura patriarcal.&nbsp;&nbsp;<\/p>\n\n\n\n<p class=\"MsoNormal\">La activista record\u00f3 que se trata de todo un viacrucis para las mujeres el acceder a una persona profesional en la abogac\u00eda, plantear la pensi\u00f3n alimentaria y conseguirla conforme lo marca la ley, en beneficio de sus hijas e hijos, muchas veces debido a la falta de perspectiva de g\u00e9nero en el Poder Judicial.&nbsp;<\/p>\n\n\n\n<p class=\"MsoNormal\">\u201cPara una mujer que se hace responsable de los gastos de la casa es muy complicado hacer un pago inicial de ocho mil pesos para iniciar el procedimiento, ello sin nombrar la revictimizaci\u00f3n que reciben por parte de las instancias de procuraci\u00f3n de justicia que no cuentan con perspectiva de g\u00e9nero\u201d, indic\u00f3.&nbsp;&nbsp;&nbsp;<\/p>\n\n\n\n<p class=\"MsoNormal\">Por lo anterior, buscan crear una ruta integral que incluya a todas las instancias de los tres poderes de gobierno involucradas, misma que permita evidenciar a los deudores, limitarles sus derechos civiles y obligarles a cumplir con su obligaci\u00f3n.<\/p>\n\n\n\n<p><div class=\"twitter-tweet\"><blockquote class=\"twitter-tweet\" data-lang=\"es\"><p lang=\"es\" dir=\"ltr\"><a href=\"https:\/\/twitter.com\/hashtag\/%C3%9AltimoMinuto?src=hash&amp;ref_src=twsrc%5Etfw\">#\u00daltimoMinuto<\/a> <br>En la sede del <a href=\"https:\/\/twitter.com\/CongresoOaxLXIV?ref_src=twsrc%5Etfw\">@CongresoOaxLXIV<\/a>, feministas encabezadas por <a href=\"https:\/\/twitter.com\/DianaLuzVa?ref_src=twsrc%5Etfw\">@DianaLuzVa<\/a>, y legisladoras, presentan detalles sobre iniciativa de reformas a la ley para endurecer medidas contra deudores alimentarios en <a href=\"https:\/\/twitter.com\/hashtag\/Oaxaca?src=hash&amp;ref_src=twsrc%5Etfw\">#Oaxaca<\/a>. <a href=\"https:\/\/t.co\/lXM3V7Q1Vw\">pic.twitter.com\/lXM3V7Q1Vw<\/a><\/p>&mdash; Zona Roja Oaxaca (@Zona_Roja_Oax) <a href=\"https:\/\/twitter.com\/Zona_Roja_Oax\/status\/1412814955431276544?ref_src=twsrc%5Etfw\">7 de julio de 2021<\/a><\/blockquote><\/div><\/p>\n\n\n\n<p class=\"MsoNormal\">\u201cHoy venimos a decirles a todas las mujeres que no est\u00e1n solas, que no hay porque sentir verg\u00fcenza de exigir que se respeten los derechos de la primera infancia\u201d, indic\u00f3.&nbsp;&nbsp;<\/p>\n\n\n\n<p class=\"MsoNormal\">Diana Luz adelant\u00f3 que tambi\u00e9n se reunir\u00e1n con el representante del Poder Judicial, toda vez que no existe un criterio establecido para determinar el monto de las pensiones alimentaciones, pues mientras en otros pa\u00edses de Am\u00e9rica Latina es el 30 por ciento del salario del deudor, en Oaxaca va entre el 10 y 20 por ciento.&nbsp;&nbsp;<\/p>\n\n\n\n<p class=\"MsoNormal\">\u201cTenemos que plantear un criterio, vamos por un 50 por ciento. Queremos que se nos haga justicia a nosotras y nuestras hijas e hijos\u201d, sentenci\u00f3.&nbsp;&nbsp;<\/p>\n\n\n\n<p class=\"MsoNormal\">Finalmente, la diputada Elisa Zepeda Lagunas, asegur\u00f3 que la iniciativa naci\u00f3 de la sociedad civil y busca erradicar las pr\u00e1cticas omisivas de las personas deudoras alimentarias que principalmente afecta a las ni\u00f1as y ni\u00f1os en la entidad&nbsp;&nbsp;<\/p>\n\n\n\n<p class=\"MsoNormal\">Record\u00f3 que conforme al Decreto 1468, de fecha 15 de abril del 2018, se adicion\u00f3 el C\u00f3digo Civil del Estado de Oaxaca a fin de generar el Registro de Deudores Alimentarios Moroso, sin embargo, es necesario avanzar ya que el Registro Civil ha sido omiso al cumplimiento de lo que establece la ley.&nbsp;&nbsp;<\/p>\n\n\n\n<p class=\"MsoNormal\">Por lo anterior, se busca generar mayor coercitividad para que los deudores alimentarios morosos cumplan con la necesidad, ya que no se trata de un favor ni una concesi\u00f3n de buena voluntad y mucho menos una dadiva.&nbsp;&nbsp;<\/p>\n\n\n\n<p class=\"MsoNormal\">La iniciativa fue respaldada por organizaciones como \u201cLas Constituyentes\u201d, Red Chimalli, as\u00ed como los colectivos Amor no es Violencia y Por la Ciudadan\u00eda de las Mujeres, entre otras.  <\/p>\n","protected":false},"excerpt":{"rendered":"<p>Evlin Arag\u00f3n\/Zona Roja.&nbsp; Oaxaca de Ju\u00e1rez, Oax., 7 de julio de 2021.-&nbsp;Con el respaldo de&hellip;<\/p>\n","protected":false},"author":2,"featured_media":29458,"comment_status":"closed","ping_status":"open","sticky":false,"template":"","format":"standard","meta":{"_lmt_disableupdate":"","_lmt_disable":"","_jetpack_memberships_contains_paid_content":false,"footnotes":""},"categories":[109,46],"tags":[],"class_list":["post-29459","post","type-post","status-publish","format-standard","has-post-thumbnail","hentry","category-minuto-a-minuto","category-zona-blanca"],"jetpack_featured_media_url":"https:\/\/zonaroja.com.mx\/wp-content\/uploads\/2021\/07\/faf8fe7b-55ef-46ef-a577-80d73972fd75.jpg","jetpack_sharing_enabled":true,"_links":{"self":[{"href":"https:\/\/zonaroja.com.mx\/index.php?rest_route=\/wp\/v2\/posts\/29459","targetHints":{"allow":["GET"]}}],"collection":[{"href":"https:\/\/zonaroja.com.mx\/index.php?rest_route=\/wp\/v2\/posts"}],"about":[{"href":"https:\/\/zonaroja.com.mx\/index.php?rest_route=\/wp\/v2\/types\/post"}],"author":[{"embeddable":true,"href":"https:\/\/zonaroja.com.mx\/index.php?rest_route=\/wp\/v2\/users\/2"}],"replies":[{"embeddable":true,"href":"https:\/\/zonaroja.com.mx\/index.php?rest_route=%2Fwp%2Fv2%2Fcomments&post=29459"}],"version-history":[{"count":1,"href":"https:\/\/zonaroja.com.mx\/index.php?rest_route=\/wp\/v2\/posts\/29459\/revisions"}],"predecessor-version":[{"id":29460,"href":"https:\/\/zonaroja.com.mx\/index.php?rest_route=\/wp\/v2\/posts\/29459\/revisions\/29460"}],"wp:featuredmedia":[{"embeddable":true,"href":"https:\/\/zonaroja.com.mx\/index.php?rest_route=\/wp\/v2\/media\/29458"}],"wp:attachment":[{"href":"https:\/\/zonaroja.com.mx\/index.php?rest_route=%2Fwp%2Fv2%2Fmedia&parent=29459"}],"wp:term":[{"taxonomy":"category","embeddable":true,"href":"https:\/\/zonaroja.com.mx\/index.php?rest_route=%2Fwp%2Fv2%2Fcategories&post=29459"},{"taxonomy":"post_tag","embeddable":true,"href":"https:\/\/zonaroja.com.mx\/index.php?rest_route=%2Fwp%2Fv2%2Ftags&post=29459"}],"curies":[{"name":"wp","href":"https:\/\/api.w.org\/{rel}","templated":true}]}}