{"id":29461,"date":"2021-07-07T18:22:06","date_gmt":"2021-07-07T23:22:06","guid":{"rendered":"http:\/\/www.zonaroja.com.mx\/?p=29461"},"modified":"2021-07-07T18:22:09","modified_gmt":"2021-07-07T23:22:09","slug":"tras-marcha-a-favor-de-vera-carrizal-la-justicia-no-se-negocia-fide-fiscalia","status":"publish","type":"post","link":"https:\/\/zonaroja.com.mx\/?p=29461","title":{"rendered":"Tras marcha a favor de Vera Carrizal, la justicia no se negocia, fide Fiscal\u00eda"},"content":{"rendered":"\n<p>Redacci\u00f3n\/Zona Roja.<\/p>\n\n\n\n<p>Oaxaca de Ju\u00e1rez, Oax., 7 de julio de 2021.- Familiares y amigos de Juan Antonio Vera Carrizal, acusado de tentativa de feminicidio contra Mar\u00eda Elena R\u00edos Ortiz, marcharon hoy para exigir su liberaci\u00f3n.<\/p>\n\n\n\n<p>La movilizaci\u00f3n parti\u00f3 por la ma\u00f1ana de la fuente de las Ocho Regiones de la capital, convocada presuntamente por voceros del Partido Verde Ecologista de M\u00e9xico (PVEM), con rumbo al z\u00f3calo.<\/p>\n\n\n\n<p>Con pancartas, mantas y veh\u00edculos contratados para publicitar la actividad, hicieron una parada frente a la Casa Oficial, en la avenida Ju\u00e1rez, donde colocaron carteles a favor de quien est\u00e1 acusado de ordenar rociar con \u00e1cido a la joven saxofonista, en septiembre de 2019, en Huajuapan de Le\u00f3n.<\/p>\n\n\n\n<figure class=\"wp-block-embed-twitter wp-block-embed is-type-rich is-provider-twitter\"><div class=\"wp-block-embed__wrapper\">\n<div class=\"twitter-tweet\"><blockquote class=\"twitter-tweet\" data-lang=\"es\"><p lang=\"es\" dir=\"ltr\"><a href=\"https:\/\/twitter.com\/hashtag\/%C3%9AltimoMinuto?src=hash&amp;ref_src=twsrc%5Etfw\">#\u00daltimoMinuto<\/a> <br>Para exigir la liberaci\u00f3n de Juan Antonio Vera Carrizal, acusado de tentativa de feminicidio contra <a href=\"https:\/\/twitter.com\/_ElenaRios?ref_src=twsrc%5Etfw\">@_ElenaRios<\/a>, un grupo de ciudadanos march\u00f3 en la ciudad de <a href=\"https:\/\/twitter.com\/hashtag\/Oaxaca?src=hash&amp;ref_src=twsrc%5Etfw\">#Oaxaca<\/a>. <br>Sin embargo, uno de los manifestantes intimid\u00f3 al <a href=\"https:\/\/twitter.com\/hashtag\/periodista?src=hash&amp;ref_src=twsrc%5Etfw\">#periodista<\/a> <a href=\"https:\/\/twitter.com\/rojasayuzo?ref_src=twsrc%5Etfw\">@rojasayuzo<\/a>, de <a href=\"https:\/\/twitter.com\/informativo570?ref_src=twsrc%5Etfw\">@informativo570<\/a>. <a href=\"https:\/\/t.co\/izRsN8DNFs\">pic.twitter.com\/izRsN8DNFs<\/a><\/p>&mdash; Zona Roja Oaxaca (@Zona_Roja_Oax) <a href=\"https:\/\/twitter.com\/Zona_Roja_Oax\/status\/1412821103794438144?ref_src=twsrc%5Etfw\">7 de julio de 2021<\/a><\/blockquote><\/div>\n<\/div><\/figure>\n\n\n\n<p>AGREDEN A PERIODISTA<\/p>\n\n\n\n<p>Sin embargo, cuando los periodistas hac\u00edan la transmisi\u00f3n, un sujeto que identificaron posteriormente como Roberto Vera Carrizal, hermano de Juan Antonio, por la espalda profiri\u00f3 amenazas contra el reportero Ernesto Rojas Ayuzo, del sitio \u00abInformativo 570\u00bb.<\/p>\n\n\n\n<p>Tras ello, se difundi\u00f3 en redes sociales un video en que se apreciaba el momento de la intimidaci\u00f3n, luego de lo cual el sujeto es escabull\u00f3 entre los manifestantes.<\/p>\n\n\n\n<p>En raz\u00f3n de ello, la Fiscal\u00eda General del estado informo que dio inicio a la Carpeta de Investigaci\u00f3n 22540\/VIGE\/UELE\/2021, por el delito de amenazas contra la libertad de expresi\u00f3n.<\/p>\n\n\n\n<p>Este no habr\u00eda sido el \u00fanico caso, pues otro comunicador, que prefiri\u00f3 no revelar su identidad, tambi\u00e9n fue acosado y obligado a borrar sus videos y fotograf\u00edas.<\/p>\n\n\n\n<p>La marcha a favor de Vera Carrizal continu\u00f3 hasta el z\u00f3calo y en el Palacio de Gobierno colocaron m\u00e1s pancartas, exigiendo la liberaci\u00f3n del empresario gasolinero.<\/p>\n\n\n\n<figure class=\"wp-block-embed-twitter wp-block-embed is-type-rich is-provider-twitter\"><div class=\"wp-block-embed__wrapper\">\n<div class=\"twitter-tweet\"><blockquote class=\"twitter-tweet\" data-lang=\"es\"><p lang=\"es\" dir=\"ltr\"><a href=\"https:\/\/twitter.com\/hashtag\/%C3%9AltimoMinuto?src=hash&amp;ref_src=twsrc%5Etfw\">#\u00daltimoMinuto<\/a> <br>Como Roberto Vera Carrizal, de Silacayo\u00e1pam, y hermano de Juan Antonio -acusado de intento de feminicidio contra la saxofonista Mar\u00eda Elena R\u00edos-, fue identificado el sujeto que agredi\u00f3 hoy al periodista <a href=\"https:\/\/twitter.com\/rojasayuzo?ref_src=twsrc%5Etfw\">@rojasayuzo<\/a>. <a href=\"https:\/\/twitter.com\/FISCALIA_GobOax?ref_src=twsrc%5Etfw\">@FISCALIA_GobOax<\/a> <a href=\"https:\/\/twitter.com\/SSP_GobOax?ref_src=twsrc%5Etfw\">@SSP_GobOax<\/a> <a href=\"https:\/\/twitter.com\/DDHPO?ref_src=twsrc%5Etfw\">@DDHPO<\/a> <a href=\"https:\/\/twitter.com\/CNDH?ref_src=twsrc%5Etfw\">@CNDH<\/a> <a href=\"https:\/\/t.co\/vAG0HFtENQ\">pic.twitter.com\/vAG0HFtENQ<\/a><\/p>&mdash; Zona Roja Oaxaca (@Zona_Roja_Oax) <a href=\"https:\/\/twitter.com\/Zona_Roja_Oax\/status\/1412848850021371914?ref_src=twsrc%5Etfw\">7 de julio de 2021<\/a><\/blockquote><\/div>\n<\/div><\/figure>\n\n\n\n<p>SIN NEGOCIACIONES<\/p>\n\n\n\n<p>En un comunicado, la Fiscal\u00eda General, que encabeza Arturo Peimbert Calvo, inform\u00f3 que el pleno acceso a la justicia para las v\u00edctimas es el compromiso de la instituci\u00f3n.<\/p>\n\n\n\n<p>Asimismo, \u201cla procuraci\u00f3n de justicia no se negocia bajo ning\u00fan tipo de presi\u00f3n social o manifestaciones. En casos de violencia por raz\u00f3n de g\u00e9nero, la Fiscal\u00eda da prioridad a las v\u00edctimas para el resarcimiento del da\u00f1o\u201d.<\/p>\n\n\n\n<p>\u201cEl compromiso es garantizar el acceso a la justicia de las v\u00edctimas con estricto apego a la ciencia jur\u00eddica y leyes vigentes, pero con perspectiva de derechos humanos; por ello, la garant\u00eda de este derecho est\u00e1 fuera de cualquier negociaci\u00f3n pol\u00edtica, social o entre particulares\u201d, expuso.<\/p>\n\n\n\n<p>Detall\u00f3 que en el proceso de investigaci\u00f3n penal que se sigue en contra J. A. V. C. (Juan Antonio), las acciones legales ejecutadas por la Fiscal\u00eda est\u00e1n justificadas en las leyes penales vigentes y avaladas por el juez que atiende la causa.<\/p>\n\n\n\n<p>A\u00f1adi\u00f3 que son cuatro las personas en contra de quienes se han ejecutado \u00f3rdenes de aprehensi\u00f3n por su probable participaci\u00f3n en el delito de tentativa de feminicidio contra M. E. R. O. (Mar\u00eda Elena), por los hechos cometidos en septiembre de 2019 en Huajuapan de Le\u00f3n.<\/p>\n\n\n\n<figure class=\"wp-block-embed-twitter wp-block-embed is-type-rich is-provider-twitter\"><div class=\"wp-block-embed__wrapper\">\n<div class=\"twitter-tweet\"><blockquote class=\"twitter-tweet\" data-lang=\"es\"><p lang=\"es\" dir=\"ltr\">Pleno acceso a la justicia para las v\u00edctimas; compromiso de la Fiscal\u00eda General del Estado de Oaxaca<a href=\"https:\/\/twitter.com\/PeimbertArturo?ref_src=twsrc%5Etfw\">@PeimbertArturo<\/a> <a href=\"https:\/\/twitter.com\/SEGOB_mx?ref_src=twsrc%5Etfw\">@SEGOB_mx<\/a> <a href=\"https:\/\/t.co\/BENhysQQXq\">pic.twitter.com\/BENhysQQXq<\/a><\/p>&mdash; Fiscal\u00eda General (@FISCALIA_GobOax) <a href=\"https:\/\/twitter.com\/FISCALIA_GobOax\/status\/1412891768773808128?ref_src=twsrc%5Etfw\">7 de julio de 2021<\/a><\/blockquote><\/div>\n<\/div><\/figure>\n\n\n\n<p>Como parte de las acciones concretas para lograr la ejecuci\u00f3n de una quinta orden de aprehensi\u00f3n por este caso, el 27 de junio de 2021, la Fiscal\u00eda General emiti\u00f3 una ficha de b\u00fasqueda y localizaci\u00f3n de J. A. V. H. por quien ofrece un mill\u00f3n de pesos a quien aporte informaci\u00f3n suficiente que ayude a dar con su paradero.<\/p>\n\n\n\n<p>\u201cLejos de intenciones particulares o pol\u00edticas, el trabajo de la Fiscal\u00eda se ci\u00f1e a los protocolos internacionales, perspectiva de derechos humanos y estriba en las estrictas investigaciones realizadas por esta Instituci\u00f3n.<\/p>\n\n\n\n<p>\u201cSi bien, quienes simpatizan con alguno de los imputados est\u00e1n en su derecho de hacer una manifestaci\u00f3n p\u00fablica para el respaldo moral, la Fiscal\u00eda tiene el compromiso de realizar un trabajo diligente y apegado a Derecho para llevar ante la justicia los elementos probatorios suficientes para el castigo de los responsables de hechos que atenten contra la vida de una persona.<\/p>\n\n\n\n<p>\u201cLa Fiscal\u00eda General del Estado de Oaxaca, expresa su compromiso irrestricto de realizar con total imparcialidad su trabajo, con el \u00fanico objetivo de que las v\u00edctimas accedan a la justicia y a la reparaci\u00f3n del da\u00f1o ocasionado\u201d, remarc\u00f3 en su comunicado.<\/p>\n","protected":false},"excerpt":{"rendered":"<p>Redacci\u00f3n\/Zona Roja. Oaxaca de Ju\u00e1rez, Oax., 7 de julio de 2021.- Familiares y amigos de&hellip;<\/p>\n","protected":false},"author":2,"featured_media":29462,"comment_status":"closed","ping_status":"open","sticky":false,"template":"","format":"standard","meta":{"_lmt_disableupdate":"","_lmt_disable":"","_jetpack_memberships_contains_paid_content":false,"footnotes":""},"categories":[109,47],"tags":[494,1124],"class_list":["post-29461","post","type-post","status-publish","format-standard","has-post-thumbnail","hentry","category-minuto-a-minuto","category-zona-gris","tag-fiscalia-general-del-estado-de-oaxaca","tag-maria-elena-rios-ortiz"],"jetpack_featured_media_url":"https:\/\/zonaroja.com.mx\/wp-content\/uploads\/2021\/07\/Agresion-a-reportero-Vera-Carrizal.jpg","jetpack_sharing_enabled":true,"_links":{"self":[{"href":"https:\/\/zonaroja.com.mx\/index.php?rest_route=\/wp\/v2\/posts\/29461","targetHints":{"allow":["GET"]}}],"collection":[{"href":"https:\/\/zonaroja.com.mx\/index.php?rest_route=\/wp\/v2\/posts"}],"about":[{"href":"https:\/\/zonaroja.com.mx\/index.php?rest_route=\/wp\/v2\/types\/post"}],"author":[{"embeddable":true,"href":"https:\/\/zonaroja.com.mx\/index.php?rest_route=\/wp\/v2\/users\/2"}],"replies":[{"embeddable":true,"href":"https:\/\/zonaroja.com.mx\/index.php?rest_route=%2Fwp%2Fv2%2Fcomments&post=29461"}],"version-history":[{"count":1,"href":"https:\/\/zonaroja.com.mx\/index.php?rest_route=\/wp\/v2\/posts\/29461\/revisions"}],"predecessor-version":[{"id":29463,"href":"https:\/\/zonaroja.com.mx\/index.php?rest_route=\/wp\/v2\/posts\/29461\/revisions\/29463"}],"wp:featuredmedia":[{"embeddable":true,"href":"https:\/\/zonaroja.com.mx\/index.php?rest_route=\/wp\/v2\/media\/29462"}],"wp:attachment":[{"href":"https:\/\/zonaroja.com.mx\/index.php?rest_route=%2Fwp%2Fv2%2Fmedia&parent=29461"}],"wp:term":[{"taxonomy":"category","embeddable":true,"href":"https:\/\/zonaroja.com.mx\/index.php?rest_route=%2Fwp%2Fv2%2Fcategories&post=29461"},{"taxonomy":"post_tag","embeddable":true,"href":"https:\/\/zonaroja.com.mx\/index.php?rest_route=%2Fwp%2Fv2%2Ftags&post=29461"}],"curies":[{"name":"wp","href":"https:\/\/api.w.org\/{rel}","templated":true}]}}