{"id":29466,"date":"2021-07-07T21:11:14","date_gmt":"2021-07-08T02:11:14","guid":{"rendered":"http:\/\/www.zonaroja.com.mx\/?p=29466"},"modified":"2021-07-07T21:11:17","modified_gmt":"2021-07-08T02:11:17","slug":"llama-diputada-a-poder-judicial-no-permitir-que-agroindustria-evada-decreto-sobre-glifosato","status":"publish","type":"post","link":"https:\/\/zonaroja.com.mx\/?p=29466","title":{"rendered":"Llama diputada a Poder Judicial no permitir que agroindustria evada decreto sobre glifosato"},"content":{"rendered":"\n<p>Redacci\u00f3n\/Zona Roja.<\/p>\n\n\n\n<p>Oaxaca de Ju\u00e1rez, Oax., 7 de julio de 2021.- A propuesta de la diputada Magaly L\u00f3pez Dom\u00ednguez, el Congreso local aprob\u00f3 emitir un exhorto dirigido al Poder Judicial de la Federaci\u00f3n, que busca ponderar el derecho humano a un ambiente sano y una alimentaci\u00f3n adecuada, por encima de intereses comerciales particulares.<\/p>\n\n\n\n<p>El llamado legislativo expone que en el uso de sus facultades, dicha instancia confirme la negativa de suspensi\u00f3n definitiva en los juicios de amparo interpuestos en contra del decreto presidencial que establece las acciones de la administraci\u00f3n p\u00fablica federal, para sustituir el uso, adquisici\u00f3n, distribuci\u00f3n, promoci\u00f3n e importaci\u00f3n del glifosato, y de los agroqu\u00edmicos utilizados en nuestro pa\u00eds que lo contienen.<\/p>\n\n\n\n<p>Al hacer uso de la tribuna, L\u00f3pez Dom\u00ednguez pidi\u00f3 se evite afectar el inter\u00e9s general, los derechos humanos de la poblaci\u00f3n mexicana a un ambiente sano, a la biodiversidad, a la salud y a una alimentaci\u00f3n adecuada, en beneficio de los intereses de las grandes corporaciones.<\/p>\n\n\n\n<p>Expuso que, el pasado el pasado 31 de diciembre del 2020, se public\u00f3 en el Diario Oficial de la Federaci\u00f3n (DOF) el decreto presidencial que busca eliminar progresivamente el uso de glifosato hasta enero de 2024, as\u00ed como el ma\u00edz gen\u00e9ticamente modificado en la alimentaci\u00f3n, sin permitir su siembra en M\u00e9xico.<\/p>\n\n\n\n<p>Situaci\u00f3n que \u2013dijo- ha desencadenado una respuesta bastante negativa por parte de la agroindustria, la cual ha interpuesto una serie de amparos contra el decreto presidencial para evadirlo.<\/p>\n\n\n\n<figure class=\"wp-block-embed-twitter wp-block-embed is-type-rich is-provider-twitter\"><div class=\"wp-block-embed__wrapper\">\n<div class=\"twitter-tweet\"><blockquote class=\"twitter-tweet\" data-lang=\"es\"><p lang=\"es\" dir=\"ltr\"><a href=\"https:\/\/twitter.com\/hashtag\/%C3%9AltimoMinuto?src=hash&amp;ref_src=twsrc%5Etfw\">#\u00daltimoMinuto<\/a> <br>A propuesta de la diputada <a href=\"https:\/\/twitter.com\/Magaly_LopezOax?ref_src=twsrc%5Etfw\">@Magaly_LopezOax<\/a>, el <a href=\"https:\/\/twitter.com\/CongresoOaxLXIV?ref_src=twsrc%5Etfw\">@CongresoOaxLXIV<\/a> aprob\u00f3 hoy un exhorto al Poder Judicial de la Federaci\u00f3n,a que confirme la negativa de suspensi\u00f3n definitiva en los juicios interpuestos en contra del decreto presidencial para sustituir el glifosato. <a href=\"https:\/\/t.co\/i1lWIk4TFK\">pic.twitter.com\/i1lWIk4TFK<\/a><\/p>&mdash; Zona Roja Oaxaca (@Zona_Roja_Oax) <a href=\"https:\/\/twitter.com\/Zona_Roja_Oax\/status\/1412858605339021313?ref_src=twsrc%5Etfw\">7 de julio de 2021<\/a><\/blockquote><\/div>\n<\/div><\/figure>\n\n\n\n<p>Explic\u00f3 que estas empresas buscan a trav\u00e9s de juicios de amparo que el decreto no pueda ser utilizado como fundamento para revocar permisos que ya ten\u00edan para la importaci\u00f3n de glifosato y ma\u00edz transg\u00e9nico, ni como herramienta de an\u00e1lisis en caso de nuevas solicitudes.<\/p>\n\n\n\n<p>La legisladora morenista, indic\u00f3 que, en 2015, el glifosato fue clasificado como \u201cprobablemente cancer\u00edgeno\u201d por la Agencia Internacional para la Investigaci\u00f3n sobre el C\u00e1ncer (IARC por sus siglas en ingl\u00e9s), de la Organizaci\u00f3n Mundial de la Salud (OMS).<\/p>\n\n\n\n<p>\u201cEs momento de eliminar la tecnolog\u00eda transg\u00e9nica y el glifosato, da\u00f1inos al medio ambiente y a la salud humana, y con ello adem\u00e1s defender la soberan\u00eda y de la autosuficiencia alimentaria, pues la venta de semillas y agrot\u00f3xicos est\u00e1 controlada por unas cuantas empresas\u201d, expres\u00f3.<\/p>\n\n\n\n<p>Finalmente, la diputada Magaly L\u00f3pez Dom\u00ednguez, detall\u00f3 que, la Relatora de la ONU sobre el derecho a una alimentaci\u00f3n adecuada indic\u00f3 que para tener una alimentaci\u00f3n adecuada nuestros alimentos deben estar libres de agrot\u00f3xicos.<\/p>\n","protected":false},"excerpt":{"rendered":"<p>Redacci\u00f3n\/Zona Roja. Oaxaca de Ju\u00e1rez, Oax., 7 de julio de 2021.- A propuesta de la&hellip;<\/p>\n","protected":false},"author":2,"featured_media":29467,"comment_status":"closed","ping_status":"open","sticky":false,"template":"","format":"standard","meta":{"_lmt_disableupdate":"","_lmt_disable":"","_jetpack_memberships_contains_paid_content":false,"footnotes":""},"categories":[109,46,47],"tags":[192],"class_list":["post-29466","post","type-post","status-publish","format-standard","has-post-thumbnail","hentry","category-minuto-a-minuto","category-zona-blanca","category-zona-gris","tag-diputada-magaly-lopez-dominguez"],"jetpack_featured_media_url":"https:\/\/zonaroja.com.mx\/wp-content\/uploads\/2021\/07\/Magaly-Lopez-Oaxaca.jpeg","jetpack_sharing_enabled":true,"_links":{"self":[{"href":"https:\/\/zonaroja.com.mx\/index.php?rest_route=\/wp\/v2\/posts\/29466","targetHints":{"allow":["GET"]}}],"collection":[{"href":"https:\/\/zonaroja.com.mx\/index.php?rest_route=\/wp\/v2\/posts"}],"about":[{"href":"https:\/\/zonaroja.com.mx\/index.php?rest_route=\/wp\/v2\/types\/post"}],"author":[{"embeddable":true,"href":"https:\/\/zonaroja.com.mx\/index.php?rest_route=\/wp\/v2\/users\/2"}],"replies":[{"embeddable":true,"href":"https:\/\/zonaroja.com.mx\/index.php?rest_route=%2Fwp%2Fv2%2Fcomments&post=29466"}],"version-history":[{"count":1,"href":"https:\/\/zonaroja.com.mx\/index.php?rest_route=\/wp\/v2\/posts\/29466\/revisions"}],"predecessor-version":[{"id":29468,"href":"https:\/\/zonaroja.com.mx\/index.php?rest_route=\/wp\/v2\/posts\/29466\/revisions\/29468"}],"wp:featuredmedia":[{"embeddable":true,"href":"https:\/\/zonaroja.com.mx\/index.php?rest_route=\/wp\/v2\/media\/29467"}],"wp:attachment":[{"href":"https:\/\/zonaroja.com.mx\/index.php?rest_route=%2Fwp%2Fv2%2Fmedia&parent=29466"}],"wp:term":[{"taxonomy":"category","embeddable":true,"href":"https:\/\/zonaroja.com.mx\/index.php?rest_route=%2Fwp%2Fv2%2Fcategories&post=29466"},{"taxonomy":"post_tag","embeddable":true,"href":"https:\/\/zonaroja.com.mx\/index.php?rest_route=%2Fwp%2Fv2%2Ftags&post=29466"}],"curies":[{"name":"wp","href":"https:\/\/api.w.org\/{rel}","templated":true}]}}