{"id":29469,"date":"2021-07-07T21:45:31","date_gmt":"2021-07-08T02:45:31","guid":{"rendered":"http:\/\/www.zonaroja.com.mx\/?p=29469"},"modified":"2021-07-07T21:45:44","modified_gmt":"2021-07-08T02:45:44","slug":"un-muerto-dos-heridos-y-dos-detenidos-saldo-de-enfrentamiento-entre-aei-y-guardia-nacional","status":"publish","type":"post","link":"https:\/\/zonaroja.com.mx\/?p=29469","title":{"rendered":"Un muerto, dos heridos y dos detenidos, saldo de enfrentamiento entre AEI y Guardia Nacional"},"content":{"rendered":"\n<p>Ismael Garc\u00eda M.\/Zona Roja.<\/p>\n\n\n\n<p>Oaxaca de Ju\u00e1rez, Oax., 7 de julio de 2021.- Un oficial abatido por las balas, dos m\u00e1s lesionados y dos detenidos, as\u00ed como un secuestrado rescatado, es el saldo de una refriega entre elementos de la Guardia Nacional y la Agencia Estatal de Investigaciones (AEI).<\/p>\n\n\n\n<p>La Fiscal\u00eda General del Estado de Oaxaca (FGEO) confirm\u00f3 los hechos a trav\u00e9s de un comunicado, emitido seis horas despu\u00e9s del enfrentamiento, registrado sobre la carretera federal 190, Oaxaca-M\u00e9xico, en jurisdicci\u00f3n de la Villa de Etla.<\/p>\n\n\n\n<p>\u201cDerivado de la situaci\u00f3n en que se vieron involucrados agentes de la FGEO y presuntos elementos de una instituci\u00f3n de seguridad federal, tres personas resultaron lesionadas por disparo de arma de fuego, entre ellos una persona detenida que falleci\u00f3 m\u00e1s tarde cuando recib\u00eda atenci\u00f3n m\u00e9dica\u201d, indic\u00f3 en un bolet\u00edn.<\/p>\n\n\n\n<p>Detall\u00f3 que al lugar donde ocurri\u00f3 el incidente, alrededor de las 16:00 horas de este mi\u00e9rcoles, arrib\u00f3 personal del Instituto de Servicios Periciales del Estado para recabar los indicios que ayuden a establecer c\u00f3mo sucedieron estos hechos.<\/p>\n\n\n\n<figure class=\"wp-block-embed-twitter wp-block-embed is-type-rich is-provider-twitter\"><div class=\"wp-block-embed__wrapper\">\n<div class=\"twitter-tweet\"><blockquote class=\"twitter-tweet\" data-lang=\"es\"><p lang=\"es\" dir=\"ltr\"><a href=\"https:\/\/twitter.com\/hashtag\/%C3%9AltimoMinuto?src=hash&amp;ref_src=twsrc%5Etfw\">#\u00daltimoMinuto<\/a> <br>Confirman que fue un enfrentamiento entre elementos de la <a href=\"https:\/\/twitter.com\/AEI_Oaxaca?ref_src=twsrc%5Etfw\">@AEI_Oaxaca<\/a>, de la <a href=\"https:\/\/twitter.com\/FISCALIA_GobOax?ref_src=twsrc%5Etfw\">@FISCALIA_GobOax<\/a>, con personal de la <a href=\"https:\/\/twitter.com\/GN_MEXICO_?ref_src=twsrc%5Etfw\">@GN_MEXICO_<\/a>, en inmediaciones de Etla, <a href=\"https:\/\/twitter.com\/hashtag\/Oaxaca?src=hash&amp;ref_src=twsrc%5Etfw\">#Oaxaca<\/a>; dos heridos y una patrulla federal baleada. <a href=\"https:\/\/t.co\/Y7MGSuz6Tl\">pic.twitter.com\/Y7MGSuz6Tl<\/a><\/p>&mdash; Zona Roja Oaxaca (@Zona_Roja_Oax) <a href=\"https:\/\/twitter.com\/Zona_Roja_Oax\/status\/1412899274401136650?ref_src=twsrc%5Etfw\">7 de julio de 2021<\/a><\/blockquote><\/div>\n<\/div><\/figure>\n\n\n\n<p>Detall\u00f3 que la Unidad Especializada en Combate al Secuestro de la Fiscal\u00eda General del Estado de Oaxaca investigaba un probable secuestro cometido contra una persona originaria de la regi\u00f3n de la Sierra Sur.<\/p>\n\n\n\n<p>Los elementos de la Agencia Estatal de Investigaciones localizaron una casa de seguridad ubicada en jurisdicci\u00f3n de San Pablo, Etla.<\/p>\n\n\n\n<p>\u201cEn el proceso de investigaci\u00f3n se logr\u00f3 la liberaci\u00f3n de la v\u00edctima que qued\u00f3 bajo resguardo de las autoridades que adem\u00e1s, detuvieron a dos personas que estar\u00edan involucradas en la comisi\u00f3n de este delito\u201d, expuso sin dar m\u00e1s detalles.<\/p>\n\n\n\n<p>Omiti\u00f3 mencionar en su comunicado que una patrulla de la Guardia Nacional, con n\u00famero econ\u00f3mico 13341 de la Polic\u00eda Federal, presenta diversos disparos de arma de fuego.<\/p>\n\n\n\n<figure class=\"wp-block-embed-twitter wp-block-embed is-type-rich is-provider-twitter\"><div class=\"wp-block-embed__wrapper\">\n<div class=\"twitter-tweet\"><blockquote class=\"twitter-tweet\" data-lang=\"es\"><p lang=\"es\" dir=\"ltr\"><a href=\"https:\/\/twitter.com\/hashtag\/%C3%9AltimoMinuto?src=hash&amp;ref_src=twsrc%5Etfw\">#\u00daltimoMinuto<\/a> <br>Hermetismo de la <a href=\"https:\/\/twitter.com\/GN_MEXICO_?ref_src=twsrc%5Etfw\">@GN_MEXICO_<\/a> y de la <a href=\"https:\/\/twitter.com\/FISCALIA_GobOax?ref_src=twsrc%5Etfw\">@FISCALIA_GobOax<\/a> respecto al <a href=\"https:\/\/twitter.com\/hashtag\/enfrentamiento?src=hash&amp;ref_src=twsrc%5Etfw\">#enfrentamiento<\/a> ocurrido en inmediaciones de San Agust\u00edn, Etla, <a href=\"https:\/\/twitter.com\/hashtag\/Oaxaca?src=hash&amp;ref_src=twsrc%5Etfw\">#Oaxaca<\/a>, a cinco horas de los hechos. <br>Habr\u00eda fallecido esta tarde-noche en el hospital un elemento baleado. <a href=\"https:\/\/t.co\/hK55uQTiIQ\">pic.twitter.com\/hK55uQTiIQ<\/a><\/p>&mdash; Zona Roja Oaxaca (@Zona_Roja_Oax) <a href=\"https:\/\/twitter.com\/Zona_Roja_Oax\/status\/1412937782553718785?ref_src=twsrc%5Etfw\">8 de julio de 2021<\/a><\/blockquote><\/div>\n<\/div><\/figure>\n\n\n\n<p>Adem\u00e1s, que el enfrentamiento fue con la Guardia Nacional, que habr\u00eda plagiado a un individuo e intentado cobrar el rescate por la v\u00edctima, que ten\u00edan en una casa de seguridad en el municipio de San Pablo, Etla; el elemento que perdi\u00f3 la vida cuando recib\u00eda atenci\u00f3n m\u00e9dica, ser\u00eda de esa corporaci\u00f3n federal, de nombre Daniel G. T.<\/p>\n\n\n\n<p>\u201cA partir de estos hechos, la Fiscal\u00eda General garantiza que se realizar\u00e1 una investigaci\u00f3n diligente y exhaustiva para esclarecer la presunta participaci\u00f3n de elementos de una instituci\u00f3n federal en el incidente armado, as\u00ed como buscar los elementos probatorios que vinculen a las personas detenidas con la comisi\u00f3n del delito de secuestro\u201d, indic\u00f3 en su bolet\u00edn.<\/p>\n\n\n\n<p>La Fiscal\u00eda General investiga a una banda de secuestradores de la Guardia Nacional, que opera en el distrito de Etla y otras zonas del estado y que detiene a conductores de veh\u00edculos para posteriormente pedir rescate por sus v\u00edctimas, que resguardaba en una casa de seguridad de San Pablo.<\/p>\n","protected":false},"excerpt":{"rendered":"<p>Ismael Garc\u00eda M.\/Zona Roja. Oaxaca de Ju\u00e1rez, Oax., 7 de julio de 2021.- Un oficial&hellip;<\/p>\n","protected":false},"author":2,"featured_media":29470,"comment_status":"closed","ping_status":"open","sticky":false,"template":"","format":"standard","meta":{"_lmt_disableupdate":"","_lmt_disable":"","_jetpack_memberships_contains_paid_content":false,"footnotes":""},"categories":[109,51],"tags":[494],"class_list":["post-29469","post","type-post","status-publish","format-standard","has-post-thumbnail","hentry","category-minuto-a-minuto","category-zona-roja","tag-fiscalia-general-del-estado-de-oaxaca"],"jetpack_featured_media_url":"https:\/\/zonaroja.com.mx\/wp-content\/uploads\/2021\/07\/Enfrentamiento-Guardia-Nacional-y-AEI.jpg","jetpack_sharing_enabled":true,"_links":{"self":[{"href":"https:\/\/zonaroja.com.mx\/index.php?rest_route=\/wp\/v2\/posts\/29469","targetHints":{"allow":["GET"]}}],"collection":[{"href":"https:\/\/zonaroja.com.mx\/index.php?rest_route=\/wp\/v2\/posts"}],"about":[{"href":"https:\/\/zonaroja.com.mx\/index.php?rest_route=\/wp\/v2\/types\/post"}],"author":[{"embeddable":true,"href":"https:\/\/zonaroja.com.mx\/index.php?rest_route=\/wp\/v2\/users\/2"}],"replies":[{"embeddable":true,"href":"https:\/\/zonaroja.com.mx\/index.php?rest_route=%2Fwp%2Fv2%2Fcomments&post=29469"}],"version-history":[{"count":1,"href":"https:\/\/zonaroja.com.mx\/index.php?rest_route=\/wp\/v2\/posts\/29469\/revisions"}],"predecessor-version":[{"id":29471,"href":"https:\/\/zonaroja.com.mx\/index.php?rest_route=\/wp\/v2\/posts\/29469\/revisions\/29471"}],"wp:featuredmedia":[{"embeddable":true,"href":"https:\/\/zonaroja.com.mx\/index.php?rest_route=\/wp\/v2\/media\/29470"}],"wp:attachment":[{"href":"https:\/\/zonaroja.com.mx\/index.php?rest_route=%2Fwp%2Fv2%2Fmedia&parent=29469"}],"wp:term":[{"taxonomy":"category","embeddable":true,"href":"https:\/\/zonaroja.com.mx\/index.php?rest_route=%2Fwp%2Fv2%2Fcategories&post=29469"},{"taxonomy":"post_tag","embeddable":true,"href":"https:\/\/zonaroja.com.mx\/index.php?rest_route=%2Fwp%2Fv2%2Ftags&post=29469"}],"curies":[{"name":"wp","href":"https:\/\/api.w.org\/{rel}","templated":true}]}}