{"id":2947,"date":"2019-08-09T10:24:13","date_gmt":"2019-08-09T15:24:13","guid":{"rendered":"http:\/\/www.zonaroja.com.mx\/?p=2947"},"modified":"2019-08-09T10:24:15","modified_gmt":"2019-08-09T15:24:15","slug":"paralizado-por-segundo-dia-sector-salud-por-desidia-de-titular-de-sso","status":"publish","type":"post","link":"https:\/\/zonaroja.com.mx\/?p=2947","title":{"rendered":"Paralizado por segundo d\u00eda sector salud, por desidia de titular de SSO"},"content":{"rendered":"\n<p>Redacci\u00f3n\/Zona Roja.<\/p>\n\n\n\n<p>Oaxaca de Ju\u00e1rez, Oax., 9 de agosto de\n2019.- Por segundo d\u00eda consecutivo y ante la falta de atenci\u00f3n de las\nautoridades, trabajadores afiliados a la Secci\u00f3n 35 del Sindicato Nacional de\nTrabajadores de la Secretar\u00eda de Salud mantienen un paro de labores\ngeneralizado.<\/p>\n\n\n\n<p>Lo anterior al acusar que el titular de\nlos Servicios de Salud de Oaxaca (SSO), Donato Casas Escamilla, ha mostrado\nescasa voluntad para atender la problem\u00e1tica.<\/p>\n\n\n\n<p>De acuerdo con el dirigente del gremio,\nMario F\u00e9lix Pacheco, a la fecha la dependencia se ha negado a reponer el dinero\nde los trabajadores sindicalizados, del Fondo de Ahorro Estatal Capitalizable\n(FAEC).<\/p>\n\n\n\n<p>\u201cAnte la respuesta no satisfactoria a\nla exigencia planteada, informamos que por acuerdo del Comit\u00e9 Ejecutivo\nSeccional y de la comisi\u00f3n conformaa, continuamos con la jornada de lucha iniciada\nayer\u201d, inform\u00f3 el secretario General a la base trabajadora.<\/p>\n\n\n\n<p>Por lo tanto, bajo la modalidad de \u201casamblea\npermanente\u201d, los m\u00e1s de 100 mil trabajadores no est\u00e1n laborando en cl\u00ednicas,\nhospitales y centros de salud en todo el estado y \u00fanicamente se est\u00e1 otorgando\nconsultas especiales ya agendadas, as\u00ed como atenci\u00f3n en el \u00e1rea hospitalaria.<\/p>\n","protected":false},"excerpt":{"rendered":"<p>Redacci\u00f3n\/Zona Roja. Oaxaca de Ju\u00e1rez, Oax., 9 de agosto de 2019.- Por segundo d\u00eda consecutivo&hellip;<\/p>\n","protected":false},"author":2,"featured_media":2948,"comment_status":"closed","ping_status":"open","sticky":false,"template":"","format":"standard","meta":{"_lmt_disableupdate":"","_lmt_disable":"","_jetpack_memberships_contains_paid_content":false,"footnotes":""},"categories":[109,47],"tags":[517],"class_list":["post-2947","post","type-post","status-publish","format-standard","has-post-thumbnail","hentry","category-minuto-a-minuto","category-zona-gris","tag-paro-sector-salud-oaxaca"],"jetpack_featured_media_url":"https:\/\/zonaroja.com.mx\/wp-content\/uploads\/2019\/08\/9a7a80b7-e424-43a9-8346-b9f58b441d3e.jpg","jetpack_sharing_enabled":true,"_links":{"self":[{"href":"https:\/\/zonaroja.com.mx\/index.php?rest_route=\/wp\/v2\/posts\/2947","targetHints":{"allow":["GET"]}}],"collection":[{"href":"https:\/\/zonaroja.com.mx\/index.php?rest_route=\/wp\/v2\/posts"}],"about":[{"href":"https:\/\/zonaroja.com.mx\/index.php?rest_route=\/wp\/v2\/types\/post"}],"author":[{"embeddable":true,"href":"https:\/\/zonaroja.com.mx\/index.php?rest_route=\/wp\/v2\/users\/2"}],"replies":[{"embeddable":true,"href":"https:\/\/zonaroja.com.mx\/index.php?rest_route=%2Fwp%2Fv2%2Fcomments&post=2947"}],"version-history":[{"count":1,"href":"https:\/\/zonaroja.com.mx\/index.php?rest_route=\/wp\/v2\/posts\/2947\/revisions"}],"predecessor-version":[{"id":2949,"href":"https:\/\/zonaroja.com.mx\/index.php?rest_route=\/wp\/v2\/posts\/2947\/revisions\/2949"}],"wp:featuredmedia":[{"embeddable":true,"href":"https:\/\/zonaroja.com.mx\/index.php?rest_route=\/wp\/v2\/media\/2948"}],"wp:attachment":[{"href":"https:\/\/zonaroja.com.mx\/index.php?rest_route=%2Fwp%2Fv2%2Fmedia&parent=2947"}],"wp:term":[{"taxonomy":"category","embeddable":true,"href":"https:\/\/zonaroja.com.mx\/index.php?rest_route=%2Fwp%2Fv2%2Fcategories&post=2947"},{"taxonomy":"post_tag","embeddable":true,"href":"https:\/\/zonaroja.com.mx\/index.php?rest_route=%2Fwp%2Fv2%2Ftags&post=2947"}],"curies":[{"name":"wp","href":"https:\/\/api.w.org\/{rel}","templated":true}]}}